{"id":55056,"date":"2020-12-04T17:05:27","date_gmt":"2020-12-04T16:05:27","guid":{"rendered":"https:\/\/www.area-press.eu\/comunicatistampa\/?p=55056"},"modified":"2020-12-04T17:05:27","modified_gmt":"2020-12-04T16:05:27","slug":"in-nome-delleccellenza-in-vaticano","status":"publish","type":"post","link":"https:\/\/www.area-press.eu\/comunicatistampa\/2020\/12\/04\/in-nome-delleccellenza-in-vaticano\/","title":{"rendered":"In nome dell&#8217;eccellenza, in Vaticano"},"content":{"rendered":"<div dir=\"auto\">Ricordando Papa Wojtyla<\/div>\n<div dir=\"auto\"><\/div>\n<div dir=\"auto\">Nel Palazzo extraterritoriale San Carlo ai Catinari venerdi 16 ottobre nel corso della settima edizione del Premio Eccellenza Italiana saranno consegnate due opere d&#8217;arte molto significative a Padre Franco Ciccimarra; una donazione di Danilo Gigante presidente di International Broker Art per incoraggiare una manifestazione e un gruppo di imprenditori e professionisti che al tempo del Covid hanno trovato l&#8217;opportunit\u00e0 e il modo di incontrarsi nel rispetto delle leggi di prudenza anti covid.<\/div>\n<div dir=\"auto\"><\/div>\n<div dir=\"auto\">Padre Ciccimarra presidente delle scuole cattoliche (Agidae) e del Fondo Enti Religiosi (Fonder) ha accolto la richiesta di celebrare la Ceremony Awards in collegamento con Washington DC, sede del Premio giuntagli dall&#8217;ideatore e segretario generale Massimo Lucidi. Il 16 ottobre \u00e8 una data molto significativa nella storia di Roma e dell&#8217;umanit\u00e0 si ricorda la deportazione degli ebrei di Roma e l&#8217;elezione a Papa di Karol Wojtyla proprio nell&#8217;anno che celebra il centenario della nascita.<\/div>\n<div dir=\"auto\"><\/div>\n<div dir=\"auto\">Ecco come nasce l&#8217;idea del cavalier Gigante di donare l&#8217;immagine di Papa Giovanni Paolo II con l&#8217;opera di Elvio Marchionni carta pregiata e foglia d&#8217;oro e la Maternit\u00e0, serigrafia polimaterica, sempre di Marchionni per suggellare l&#8217;adesione al Bello al Buono e al Giusto che muove il lavoro del Premio ma anche il lavoro di International Broker Art che si contraddistingue nel mondo dell&#8217;arte moderna e contemporanea come il player pi\u00f9 originale e infaticabile sostenitore di progetti pubblici e istuzionali. La cerimonia sar\u00e0 impreziosita dalla presenza di numerose autorit\u00e0 civili religiose e militari e soprattutto dalla stampa come RAI Vaticano e RAI Italia coinvolte nell&#8217;evento<\/div>\n<div dir=\"auto\"><\/div>\n<div dir=\"auto\">Nota tecnica sulla Maternit\u00e0<\/div>\n<div dir=\"auto\">Formato cm 50 x 90<\/div>\n<div dir=\"auto\">Serigrafia polimaterica su carta speciale gr 1200 separata con colori acrilici e polvere di terra di Siena<\/div>\n","protected":false},"excerpt":{"rendered":"<p>Ricordando Papa Wojtyla Nel Palazzo extraterritoriale San Carlo ai Catinari venerdi 16 ottobre nel corso della settima edizione del Premio Eccellenza Italiana saranno consegnate due opere d&#8217;arte molto significative a Padre Franco Ciccimarra; una donazione di Danilo Gigante presidente di International Broker Art per incoraggiare una manifestazione e un gruppo di imprenditori e professionisti che [&hellip;]<\/p>\n","protected":false},"author":4753,"featured_media":0,"comment_status":"open","ping_status":"open","sticky":false,"template":"","format":"standard","meta":{"footnotes":""},"categories":[29],"tags":[],"class_list":["post-55056","post","type-post","status-publish","format-standard","hentry","category-comunicati"],"_links":{"self":[{"href":"https:\/\/www.area-press.eu\/comunicatistampa\/wp-json\/wp\/v2\/posts\/55056","targetHints":{"allow":["GET"]}}],"collection":[{"href":"https:\/\/www.area-press.eu\/comunicatistampa\/wp-json\/wp\/v2\/posts"}],"about":[{"href":"https:\/\/www.area-press.eu\/comunicatistampa\/wp-json\/wp\/v2\/types\/post"}],"author":[{"embeddable":true,"href":"https:\/\/www.area-press.eu\/comunicatistampa\/wp-json\/wp\/v2\/users\/4753"}],"replies":[{"embeddable":true,"href":"https:\/\/www.area-press.eu\/comunicatistampa\/wp-json\/wp\/v2\/comments?post=55056"}],"version-history":[{"count":2,"href":"https:\/\/www.area-press.eu\/comunicatistampa\/wp-json\/wp\/v2\/posts\/55056\/revisions"}],"predecessor-version":[{"id":55058,"href":"https:\/\/www.area-press.eu\/comunicatistampa\/wp-json\/wp\/v2\/posts\/55056\/revisions\/55058"}],"wp:attachment":[{"href":"https:\/\/www.area-press.eu\/comunicatistampa\/wp-json\/wp\/v2\/media?parent=55056"}],"wp:term":[{"taxonomy":"category","embeddable":true,"href":"https:\/\/www.area-press.eu\/comunicatistampa\/wp-json\/wp\/v2\/categories?post=55056"},{"taxonomy":"post_tag","embeddable":true,"href":"https:\/\/www.area-press.eu\/comunicatistampa\/wp-json\/wp\/v2\/tags?post=55056"}],"curies":[{"name":"wp","href":"https:\/\/api.w.org\/{rel}","templated":true}]}}