{"id":55054,"date":"2020-12-04T17:05:26","date_gmt":"2020-12-04T16:05:26","guid":{"rendered":"https:\/\/www.area-press.eu\/comunicatistampa\/?p=55054"},"modified":"2020-12-04T17:05:26","modified_gmt":"2020-12-04T16:05:26","slug":"montecarlo-con-greggio-gigante-porta-de-cuarto-sul-jet-set","status":"publish","type":"post","link":"https:\/\/www.area-press.eu\/comunicatistampa\/2020\/12\/04\/montecarlo-con-greggio-gigante-porta-de-cuarto-sul-jet-set\/","title":{"rendered":"Montecarlo: con Greggio, Gigante porta De Cuarto sul jet set"},"content":{"rendered":"<p>L\u2019annuale appuntamento del Festival della Commedie a Montecarlo ideato da Ezio Greggio si \u00e8 svolto in un clima diverso a causa delle incertezze sanitarie e sociali del momento. Ma si \u00e8 svolto perch\u00e9 un momento di spensieratezza e un sorriso possono sempre salvare il mondo. E a questo messaggio positivo e incoraggiante che Greggio ha ribadito sul palco aprendo il Montecarlo Film Festival al Grimaldi Film Forum, \u201cricominciamo a ridere insieme\u201d non ha voluto mancare il partner storico della manifestazione il cavalier Gigante presidente di International Broker Art che ha portato quest\u2019anno un autore contemporaneo che sta sempre piu entusiasmando la critica e il mercato dell\u2019arte contemporanea. Paolo de Cuarto. \u201cRecuperare la storia dei marchi, fatti di suggestioni, impressioni, giochi di colori, annunci, aspettative \u00e8 un viaggio che siamo chiamati a fare dall\u2019autore che ridesta emozioni utilissime per entusiasmarci con fiducia a una futura azione: sia un atto di consumo, sia una ricerca, un approfondimento, la conservazione e la condivisione dell\u2019esperienza. Trovo De Cuarto un ottimo testimone e un partner ideale per il cinema\u201d ha dichiarato Gigante offrendo le opere di De Cuarto ai vincitori: in particolare alla Maggje Civantos di Netflix premiata dallo stesso Gigante e Nino Frassica premiato da Ezio Greggio per il Premio \u201cMontecarlo Arte e Cinema\u201d.<\/p>\n<p>&nbsp;<\/p>\n","protected":false},"excerpt":{"rendered":"<p>L\u2019annuale appuntamento del Festival della Commedie a Montecarlo ideato da Ezio Greggio si \u00e8 svolto in un clima diverso a causa delle incertezze sanitarie e sociali del momento. Ma si \u00e8 svolto perch\u00e9 un momento di spensieratezza e un sorriso possono sempre salvare il mondo. E a questo messaggio positivo e incoraggiante che Greggio ha [&hellip;]<\/p>\n","protected":false},"author":4753,"featured_media":0,"comment_status":"open","ping_status":"open","sticky":false,"template":"","format":"standard","meta":{"footnotes":""},"categories":[29],"tags":[],"class_list":["post-55054","post","type-post","status-publish","format-standard","hentry","category-comunicati"],"_links":{"self":[{"href":"https:\/\/www.area-press.eu\/comunicatistampa\/wp-json\/wp\/v2\/posts\/55054","targetHints":{"allow":["GET"]}}],"collection":[{"href":"https:\/\/www.area-press.eu\/comunicatistampa\/wp-json\/wp\/v2\/posts"}],"about":[{"href":"https:\/\/www.area-press.eu\/comunicatistampa\/wp-json\/wp\/v2\/types\/post"}],"author":[{"embeddable":true,"href":"https:\/\/www.area-press.eu\/comunicatistampa\/wp-json\/wp\/v2\/users\/4753"}],"replies":[{"embeddable":true,"href":"https:\/\/www.area-press.eu\/comunicatistampa\/wp-json\/wp\/v2\/comments?post=55054"}],"version-history":[{"count":1,"href":"https:\/\/www.area-press.eu\/comunicatistampa\/wp-json\/wp\/v2\/posts\/55054\/revisions"}],"predecessor-version":[{"id":55055,"href":"https:\/\/www.area-press.eu\/comunicatistampa\/wp-json\/wp\/v2\/posts\/55054\/revisions\/55055"}],"wp:attachment":[{"href":"https:\/\/www.area-press.eu\/comunicatistampa\/wp-json\/wp\/v2\/media?parent=55054"}],"wp:term":[{"taxonomy":"category","embeddable":true,"href":"https:\/\/www.area-press.eu\/comunicatistampa\/wp-json\/wp\/v2\/categories?post=55054"},{"taxonomy":"post_tag","embeddable":true,"href":"https:\/\/www.area-press.eu\/comunicatistampa\/wp-json\/wp\/v2\/tags?post=55054"}],"curies":[{"name":"wp","href":"https:\/\/api.w.org\/{rel}","templated":true}]}}