{"id":5498,"date":"2016-01-22T14:17:53","date_gmt":"2016-01-22T13:17:53","guid":{"rendered":"http:\/\/www.area-press.eu\/comunicatistampa\/?p=5498"},"modified":"2016-01-22T14:17:53","modified_gmt":"2016-01-22T13:17:53","slug":"10-giorni-alla-sfida-delle-sfide-marcialonga-magistralmente-allestiti-i-70-km-tra-fiemme-e-fassa","status":"publish","type":"post","link":"https:\/\/www.area-press.eu\/comunicatistampa\/2016\/01\/22\/10-giorni-alla-sfida-delle-sfide-marcialonga-magistralmente-allestiti-i-70-km-tra-fiemme-e-fassa\/","title":{"rendered":"10 GIORNI ALLA \u201cSFIDA DELLE SFIDE\u201d MARCIALONGA, MAGISTRALMENTE ALLESTITI I 70 KM TRA FIEMME E FASSA"},"content":{"rendered":"<p>Marcialonga di Fiemme e Fassa (TN) attende le stelle del fondo per la gara del 31 gennaio<\/p>\n<p>70 km di pista realizzati a tempo record pronti ad ospitare circa 8000 fondisti<\/p>\n<p>Il gattista Pietro Baldassari e il responsabile Paolo Dellantonio raccontano Marcialonga<\/p>\n<p>\u201cSenatori\u201d da oltre quarant\u2019anni anima e memoria della manifestazione trentina<\/p>\n<p>&nbsp;<\/p>\n<p>&nbsp;<\/p>\n<p>Secondo Pitagora il numero 10 esprime l\u2019intera conoscenza umana. A 10 giorni dalla partenza e con 42 anni di successi alle spalle, si pu\u00f2 dire effettivamente che Marcialonga rappresenti una sorta di personale processo conoscitivo, un percorso di vita di 70 km che analizza ogni singolo aspetto dell\u2019animo umano, dal punto di vista fisico, morale, associativo e di sviluppo individuale, atto a conoscere le proprie peculiarit\u00e0 psico-fisiche e di resistenza mentale, il tutto facendosi contagiare dagli splendidi scenari innevati delle Valli di Fiemme e Fassa, in Trentino.<\/p>\n<p>Dieci giorni da vivere tutti d\u2019un fiato porteranno alla quarantatreesima Marcialonga del 31 gennaio, un\u2019edizione ricca come non mai di stuzzicanti novit\u00e0, a cominciare dalle competizioni che \u201caccompagneranno\u201d spettatori e atleti alla \u201csfida delle sfide\u201d, la ski-marathon che \u00e8 parte dei prestigiosi circuiti Worldloppet, FIS Worldloppet Cup e Visma Ski Classics.<\/p>\n<p>Un percorso gi\u00e0 perfettamente e interamente allestito regaler\u00e0 agli appassionati 70 km di distesa immacolata di neve, cosa pi\u00f9 unica che rara in un periodo di difficolt\u00e0 nella predisposizione di competizioni sportive invernali, proprio a causa della mancanza di precipitazioni.<\/p>\n<p>Principali \u2018contenders\u2019 al successo finale della Marcialonga saranno il detentore del titolo Tord Asle Gjerdalen, due medaglie mondiali in Val di Fiemme, i fratelli Anders Aukland e J\u00f8rgen Aukland, sei \u201cMarcialonghe\u201d totali conquistate e portate \u201cin famiglia\u201d, \u00d8ystein Pettersen, gli svedesi J\u00f6rgen Brink, Oskar Sv\u00e4rd e Jerry Ahrlin, trittico di vittorie nelle edizioni Marcialonga 2007, 2009 e 2011. Presenti anche Luk\u00e1\u0161 Bauer, Stanislav \u0158ez\u00e1\u010d ed Evgenij Dementiev, i \u2018nostri\u2019 Bruno Debertolis, specialista delle lunghe distanze, e Sergio Bonaldi del CS Esercito. Dario Cologna \u00e8 tra gli iscritti, ma in dubbio a causa di un infortunio subito nel corso della decima edizione del Tour de Ski proprio sulle nevi fiemmesi. Lo svizzero scioglier\u00e0 le riserve all\u2019ultimo, contattando gli organizzatori della gara trentina dopo un ulteriore consulto medico. Fondiste \u00e9lite schierate fra le altre con la vincitrice del 2015 Katerina Smutna, Seraina Boner, due successi alla Marcialonga nel 2011 e nel 2013, le svedesi Lina Korsgren, Britta Johansson Norgren e Sara Lindborg, l\u2019ucraina Valentina Shevchenko, la giapponese Masako Ishida e la fuoriclasse polacca Justyna Kowalczyk.<\/p>\n<p>La Marcialonga Baby di venerd\u00ec 29 alle ore 16.00 in centro a Predazzo sar\u00e0 completamente dedicata ai primi balzi sul candore innevato dei bambini fino ai sei anni. Sabato 30 gennaio alle 9.30 allo Stadio del Fondo di Lago di Tesero una macchina del tempo proietter\u00e0 i protagonisti della Marcialonga Story a rivivere il fondo degli anni passati, indossando sci antecedenti il 1976 ed abbigliamento \u2018vintage\u2019.<\/p>\n<p>Nel medesimo luogo qualche ora pi\u00f9 tardi, alle 13.00, si svolger\u00e0 la Marcialonga Stars, un\u2019iniziativa a scopo benefico in favore della Lega Italiana Lotta ai Tumori che accoglier\u00e0 un folto numero di \u201cVery Important Persons\u201d di sport, giornalismo e spettacolo. I giovani concorrenti della Minimarcialonga e le categorie Ragazzi della Marcialonga Young prenderanno il via dal Cross-Country Stadium di Lago di Tesero rispettivamente alle 14.00 e alle 14.30.<\/p>\n<p>La competizione \u201cregina\u201d vedr\u00e0 il proprio start domenica 31 gennaio alle ore 8.00 da Moena, medesimo luogo ed orario che coinvolger\u00e0 la Marcialonga Light di 45 km con arrivo a Predazzo, raccontata dalle parole di Paolo Dellantonio, uno dei responsabili: \u201cPossiamo contare su un folto numero di volontari che aiutano ad eseguire nel migliore dei modi tutti i servizi di supporto alla manifestazione. Marcialonga \u00e8 una grande festa non solo per gli atleti, ma anche per tutti coloro che vi si adoperano\u201d. Parole cui si accoda il gattista Pietro Baldassari: \u201cMarcialonga \u00e8 passione, \u00e8 lavorare per la collettivit\u00e0 e per i fondisti che possono sfruttare le piste divertendosi\u201d.<\/p>\n<p>Completeranno le tre giornate di manifestazioni sugli sci stretti i giovani della Marcialonga Young delle categorie Allievi, Aspiranti e Junior, con start alle 8.45 dallo Stadio del Fondo di Lago di Tesero.<\/p>\n<p>Il 29 gennaio, due giorni prima della Marcialonga di Fiemme Fassa di 70 km, in piazza a Ziano di Fiemme alle ore 18.00, ci sar\u00e0 lo spettacolo multimediale \u201cScivolando sul Novecento\u201d, il quale racconter\u00e0 gli avvenimenti culturali e di costume che hanno segnato il \u201csecolo breve\u201d e le trasformazioni che hanno portato lo sci di fondo ad essere ci\u00f2 che \u00e8 oggi.<\/p>\n<p>Ai nastri di partenza della Marcialonga, con il caratteristico pettorale giallo, ci sar\u00e0 anche l\u2019impronta della competizione, i \u201csenatori\u201d, coloro i quali consecutivamente da oltre quarant\u2019anni si posizionano al via con coraggio e spirito d\u2019abnegazione: Costantino Costantin, Ivo Andrich, Luigi Delvai, Armando Zambaldo, Giovanni Mariani, Aulo Avanzinelli, Marco Aurelio Nones, Odillo Piotti, Luciano Bertocchi, Fabio Lunelli e Giuseppe Davarda regaleranno ai posteri un\u2019altra edizione sotto l\u2019ala protettrice della loro memoria.<\/p>\n<p>Info: <a href=\"http:\/\/www.marcialonga.it\/\">www.marcialonga.it<\/a><\/p>\n","protected":false},"excerpt":{"rendered":"<p>Marcialonga di Fiemme e Fassa (TN) attende le stelle del fondo per la gara del 31 gennaio 70 km di pista realizzati a tempo record pronti ad ospitare circa 8000 fondisti Il gattista Pietro Baldassari e il responsabile Paolo Dellantonio raccontano Marcialonga \u201cSenatori\u201d da oltre quarant\u2019anni anima e memoria della manifestazione trentina &nbsp; &nbsp; Secondo [&hellip;]<\/p>\n","protected":false},"author":15,"featured_media":0,"comment_status":"open","ping_status":"open","sticky":false,"template":"","format":"standard","meta":{"footnotes":""},"categories":[15],"tags":[],"class_list":["post-5498","post","type-post","status-publish","format-standard","hentry","category-sport"],"_links":{"self":[{"href":"https:\/\/www.area-press.eu\/comunicatistampa\/wp-json\/wp\/v2\/posts\/5498","targetHints":{"allow":["GET"]}}],"collection":[{"href":"https:\/\/www.area-press.eu\/comunicatistampa\/wp-json\/wp\/v2\/posts"}],"about":[{"href":"https:\/\/www.area-press.eu\/comunicatistampa\/wp-json\/wp\/v2\/types\/post"}],"author":[{"embeddable":true,"href":"https:\/\/www.area-press.eu\/comunicatistampa\/wp-json\/wp\/v2\/users\/15"}],"replies":[{"embeddable":true,"href":"https:\/\/www.area-press.eu\/comunicatistampa\/wp-json\/wp\/v2\/comments?post=5498"}],"version-history":[{"count":1,"href":"https:\/\/www.area-press.eu\/comunicatistampa\/wp-json\/wp\/v2\/posts\/5498\/revisions"}],"predecessor-version":[{"id":5501,"href":"https:\/\/www.area-press.eu\/comunicatistampa\/wp-json\/wp\/v2\/posts\/5498\/revisions\/5501"}],"wp:attachment":[{"href":"https:\/\/www.area-press.eu\/comunicatistampa\/wp-json\/wp\/v2\/media?parent=5498"}],"wp:term":[{"taxonomy":"category","embeddable":true,"href":"https:\/\/www.area-press.eu\/comunicatistampa\/wp-json\/wp\/v2\/categories?post=5498"},{"taxonomy":"post_tag","embeddable":true,"href":"https:\/\/www.area-press.eu\/comunicatistampa\/wp-json\/wp\/v2\/tags?post=5498"}],"curies":[{"name":"wp","href":"https:\/\/api.w.org\/{rel}","templated":true}]}}