{"id":54977,"date":"2020-12-01T21:17:06","date_gmt":"2020-12-01T20:17:06","guid":{"rendered":"https:\/\/www.area-press.eu\/comunicatistampa\/?p=54977"},"modified":"2020-12-01T21:17:06","modified_gmt":"2020-12-01T20:17:06","slug":"lo-spray-urticante-il-salvavita-dei-farmacisti","status":"publish","type":"post","link":"https:\/\/www.area-press.eu\/comunicatistampa\/2020\/12\/01\/lo-spray-urticante-il-salvavita-dei-farmacisti\/","title":{"rendered":"Lo spray urticante: il \u201csalvavita\u201d dei farmacisti"},"content":{"rendered":"<p>Donne indifese, anziani e soggetti vulnerabili: in altre parole, bersagli facili dei malviventi. Per fortuna che esiste uno strumento di autodifesa concreto, pratico e legale, in grado di mandare all\u2019aria i piani sinistri di qualche malintenzionato. A questo star\u00e0 pensando il farmacista della provincia di Rovigo, che proprio grazie ad uno <a href=\"https:\/\/www.sprayantiaggressione.it\/\"><strong><u>spray antiaggressione<\/u><\/strong><\/a> custodito sotto il bancone, \u00e8 riuscito a sventare una rapina salvando l\u2019incasso e, probabilmente, la propria vita.<\/p>\n<p>Una serata tranquilla di fine settembre, un uomo con volto coperto da un casco e armato di taglierino entra in una delle normali farmacie del luogo, minacciando il titolare di consegnargli l\u2019incasso di giornata. Tutto \u00e8 durato meno di dieci minuti, un tempo eterno per chi subisce un\u2019aggressione, trascorso il quale il delinquente \u00e8 uscito docilmente dal negozio senza commettere alcun reato. Come sia accaduto questo \u00e8 presto detto: oltre alla tenacia del farmacista, ad essere determinante \u00e8 stato lo <a href=\"https:\/\/www.sprayantiaggressione.it\/spray-peperoncino-linea-defender\"><strong><u>spray peperoncino<\/u><\/strong><\/a> che aveva con s\u00e9.<\/p>\n<p>Non sono pochi gli episodi di aggressioni subite da farmacisti e parafarmacisti, segno latente di come il rischio di esposizione al pericolo per questa categoria professionale sia pi\u00f9 elevato di quanto si pensi.<\/p>\n","protected":false},"excerpt":{"rendered":"<p>Donne indifese, anziani e soggetti vulnerabili: in altre parole, bersagli facili dei malviventi. Per fortuna che esiste uno strumento di autodifesa concreto, pratico e legale, in grado di mandare all\u2019aria i piani sinistri di qualche malintenzionato. A questo star\u00e0 pensando il farmacista della provincia di Rovigo, che proprio grazie ad uno spray antiaggressione custodito sotto [&hellip;]<\/p>\n","protected":false},"author":5108,"featured_media":0,"comment_status":"open","ping_status":"open","sticky":false,"template":"","format":"standard","meta":{"footnotes":""},"categories":[4],"tags":[20777,20046,20778],"class_list":["post-54977","post","type-post","status-publish","format-standard","hentry","category-attualita-e-societa","tag-spray-antiaggressione","tag-spray-peperoncino","tag-spray-urticante"],"_links":{"self":[{"href":"https:\/\/www.area-press.eu\/comunicatistampa\/wp-json\/wp\/v2\/posts\/54977","targetHints":{"allow":["GET"]}}],"collection":[{"href":"https:\/\/www.area-press.eu\/comunicatistampa\/wp-json\/wp\/v2\/posts"}],"about":[{"href":"https:\/\/www.area-press.eu\/comunicatistampa\/wp-json\/wp\/v2\/types\/post"}],"author":[{"embeddable":true,"href":"https:\/\/www.area-press.eu\/comunicatistampa\/wp-json\/wp\/v2\/users\/5108"}],"replies":[{"embeddable":true,"href":"https:\/\/www.area-press.eu\/comunicatistampa\/wp-json\/wp\/v2\/comments?post=54977"}],"version-history":[{"count":1,"href":"https:\/\/www.area-press.eu\/comunicatistampa\/wp-json\/wp\/v2\/posts\/54977\/revisions"}],"predecessor-version":[{"id":54978,"href":"https:\/\/www.area-press.eu\/comunicatistampa\/wp-json\/wp\/v2\/posts\/54977\/revisions\/54978"}],"wp:attachment":[{"href":"https:\/\/www.area-press.eu\/comunicatistampa\/wp-json\/wp\/v2\/media?parent=54977"}],"wp:term":[{"taxonomy":"category","embeddable":true,"href":"https:\/\/www.area-press.eu\/comunicatistampa\/wp-json\/wp\/v2\/categories?post=54977"},{"taxonomy":"post_tag","embeddable":true,"href":"https:\/\/www.area-press.eu\/comunicatistampa\/wp-json\/wp\/v2\/tags?post=54977"}],"curies":[{"name":"wp","href":"https:\/\/api.w.org\/{rel}","templated":true}]}}