{"id":54969,"date":"2020-12-01T21:17:05","date_gmt":"2020-12-01T20:17:05","guid":{"rendered":"https:\/\/www.area-press.eu\/comunicatistampa\/?p=54969"},"modified":"2020-12-01T21:17:05","modified_gmt":"2020-12-01T20:17:05","slug":"restauro-alla-reggia-di-caserta-e-guerra-ai-parassiti-dei-letti-dei-sovrani","status":"publish","type":"post","link":"https:\/\/www.area-press.eu\/comunicatistampa\/2020\/12\/01\/restauro-alla-reggia-di-caserta-e-guerra-ai-parassiti-dei-letti-dei-sovrani\/","title":{"rendered":"Restauro alla reggia di Caserta: \u00e8 guerra ai parassiti dei letti dei sovrani"},"content":{"rendered":"<p>Arte del restauro e <a href=\"http:\/\/www.trattamentoantitarlo.net\/\"><strong><u>trattamento antitarlo<\/u><\/strong><\/a>, ovvero due attivit\u00e0 interconnesse con in comune un nemico piccolo ma estremamente insidioso: i tarli del legno. E quanto si sta facendo in queste settimane alla Reggia di Caserta ne \u00e8 la dimostrazione. Portare all\u2019antico splendore opere d\u2019arte in legno \u00e8 un\u2019operazione molto complessa e minuziosa, come quella di recupero dei letti dei sovrani Francesco II e Gioacchino Murat.<\/p>\n<p>Il letto di Francesco II Borbone, risalente ai primi \u2018800, \u00e8 realizzato in legno di mogano a doppia testata culminante con quattro busti raffiguranti Pallade e Marte. Con le spalliere ornate di figure alate e fregi in ottone e con quattro leoni alati agli angoli poggiati su un piedistallo, il letto si poggia su un baldacchino con pedana e un padiglione intagliato e dorato, culminante con una corona da cui discende un cortinaggio di raso avorio. Impressionante \u00e8 anche la sovrastruttura in legno intarsiato ornata di stoffe.<\/p>\n<p>Altrettanto meraviglioso \u00e8 il letto di Gioacchino Murat, anch\u2019esso in mogano e impreziosito da una ricchissima decorazione di fregi di legno dorato raffiguranti elmi, lance, spade e teste di leoni su uno dei due lati del letto. Il baldacchino, invece, si erge su quattro picche dal quale discende un tendaggio di raso blu avorio. Al di l\u00e0 del recupero dei tessuti, la sfida pi\u00f9 improba \u00e8 quella che riguarda il ripristino e l\u2019assemblaggio delle parti lignee interessate dal deterioramento. L\u2019azione di sfarfallamento degli insetti xilofagi perpetrata nei secoli, ha di fatto portato queste due opere ad un pessimo stato di conservazione.<\/p>\n<p>In effetti, un mero intervento di <a href=\"http:\/\/www.trattamentoantitarlo.net\/aree\/disinfestazione-tarli\"><strong><u>disinfestazione tarli<\/u><\/strong><\/a> non basta a riportarle all\u2019antica magnificenza, ma indispensabili sono soprattutto quelle operazioni di stuccatura, rasatura e coloratura che solo i veri specialisti del settore, come lo staff di Trattamentoantitarlo.net \u00e8 in grado di assicurare.<\/p>\n","protected":false},"excerpt":{"rendered":"<p>Arte del restauro e trattamento antitarlo, ovvero due attivit\u00e0 interconnesse con in comune un nemico piccolo ma estremamente insidioso: i tarli del legno. E quanto si sta facendo in queste settimane alla Reggia di Caserta ne \u00e8 la dimostrazione. Portare all\u2019antico splendore opere d\u2019arte in legno \u00e8 un\u2019operazione molto complessa e minuziosa, come quella di [&hellip;]<\/p>\n","protected":false},"author":5108,"featured_media":0,"comment_status":"open","ping_status":"open","sticky":false,"template":"","format":"standard","meta":{"footnotes":""},"categories":[3],"tags":[21091,21090,21092],"class_list":["post-54969","post","type-post","status-publish","format-standard","hentry","category-arte-e-cultura","tag-disinfestazione-tarli","tag-restauro-mobili-antichi","tag-trattamento-antitarlo"],"_links":{"self":[{"href":"https:\/\/www.area-press.eu\/comunicatistampa\/wp-json\/wp\/v2\/posts\/54969","targetHints":{"allow":["GET"]}}],"collection":[{"href":"https:\/\/www.area-press.eu\/comunicatistampa\/wp-json\/wp\/v2\/posts"}],"about":[{"href":"https:\/\/www.area-press.eu\/comunicatistampa\/wp-json\/wp\/v2\/types\/post"}],"author":[{"embeddable":true,"href":"https:\/\/www.area-press.eu\/comunicatistampa\/wp-json\/wp\/v2\/users\/5108"}],"replies":[{"embeddable":true,"href":"https:\/\/www.area-press.eu\/comunicatistampa\/wp-json\/wp\/v2\/comments?post=54969"}],"version-history":[{"count":1,"href":"https:\/\/www.area-press.eu\/comunicatistampa\/wp-json\/wp\/v2\/posts\/54969\/revisions"}],"predecessor-version":[{"id":54970,"href":"https:\/\/www.area-press.eu\/comunicatistampa\/wp-json\/wp\/v2\/posts\/54969\/revisions\/54970"}],"wp:attachment":[{"href":"https:\/\/www.area-press.eu\/comunicatistampa\/wp-json\/wp\/v2\/media?parent=54969"}],"wp:term":[{"taxonomy":"category","embeddable":true,"href":"https:\/\/www.area-press.eu\/comunicatistampa\/wp-json\/wp\/v2\/categories?post=54969"},{"taxonomy":"post_tag","embeddable":true,"href":"https:\/\/www.area-press.eu\/comunicatistampa\/wp-json\/wp\/v2\/tags?post=54969"}],"curies":[{"name":"wp","href":"https:\/\/api.w.org\/{rel}","templated":true}]}}