{"id":5480,"date":"2016-01-22T00:33:23","date_gmt":"2016-01-21T23:33:23","guid":{"rendered":"http:\/\/www.area-press.eu\/comunicatistampa\/?p=5480"},"modified":"2016-01-22T00:33:23","modified_gmt":"2016-01-21T23:33:23","slug":"ale-la-merckx-indiscussa-protagonista-2016-svelate-le-localita-della-granfondo-veronese","status":"publish","type":"post","link":"https:\/\/www.area-press.eu\/comunicatistampa\/2016\/01\/22\/ale-la-merckx-indiscussa-protagonista-2016-svelate-le-localita-della-granfondo-veronese\/","title":{"rendered":"AL\u00c9 LA MERCKX INDISCUSSA PROTAGONISTA 2016, SVELATE LE LOCALIT\u00c0 DELLA GRANFONDO VERONESE"},"content":{"rendered":"<p>Il 12 giugno Al\u00e9 La Merckx Granfondo Verona aprir\u00e0 le porte ai cicloamatori<\/p>\n<p>Start previsto dalla suggestiva cornice scaligera di Piazza Br\u00e0<\/p>\n<p>Percorsi di 85 km e 1380 metri di dislivello e 136 km e 2640 metri di dislivello<\/p>\n<p>Partenza ed arrivo a Verona per i percorsi \u2018medio\u2019 e \u2018lungo\u2019<\/p>\n<p>&nbsp;<\/p>\n<p>&nbsp;<\/p>\n<p>Al\u00e9 La Merckx Granfondo Verona ha dato l\u2019ufficialit\u00e0 degli itinerari e svelato le magnifiche location scaligere che animeranno la competizione cicloamatoriale del 12 giugno 2016.<\/p>\n<p>Il percorso \u2018medio\u2019 sar\u00e0 di 85 km e 1380 metri di dislivello e partir\u00e0 dal regale palcoscenico di Piazza Br\u00e0, nel cuore di Verona, prima di dipanarsi verso Parona, Pescantina, San Pietro in Cariano, Gargagnago, San Giorgio Ingannapoltron, Mazzurega, Fumane, Molina Gorgusello, Breonio, Fosse, Sant\u2019Anna, Barozze, Lugo, Grezzana e Verona.<\/p>\n<p>Il percorso \u2018lungo\u2019 si costituir\u00e0 di 136 km e 2640 metri di dislivello, partendo sempre da Piazza Br\u00e0 a due passi dall\u2019Arena e seguendo lo stesso tragitto del \u2018medio\u2019 fino a Barozze, dopodich\u00e8 si diriger\u00e0 a Corso, Erbezzo, Passo Pidocchio, Passo Fittanze, Selvavecchia, Ronconi, facendo ritorno verso Barozze, quindi toccher\u00e0 Fosse, Sant\u2019Anna, Barozze, Lugo, Grezzana e Verona.<\/p>\n<p>Piazza Br\u00e0 sar\u00e0 il punto focale dell\u2019evento, si tratta della spettacolare piazza centrale di Verona, che rappresenta l\u2019essenza della citt\u00e0. Al proprio interno racchiude un trittico di valore culturale ed artistico inestimabile, si tratta dell\u2019edificio neoclassico di Palazzo Barbieri, dell\u2019anfiteatro romano dell\u2019Arena e del Palazzo della Gran Guardia, situato proprio ad una decina di metri da quest\u2019ultima.<\/p>\n<p>Il \u2018contest\u2019 ufficiale di Al\u00e9 si appresta a diventare ancora pi\u00f9 \u2018cannibalesco\u2019 dopo l\u2019entusiasmante successo degli ultimi anni, accaparrando un numero ancora maggiore di partecipanti e garantendo una sfida dall\u2019elevato tasso tecnico, segno caratteristico di uno dei pi\u00f9 grandi ciclisti di tutti i tempi, proprio quell\u2019Eddy Merckx di cui la competizione porta il nome, soprannominato \u2018Cannibale\u2019 per la voglia e l\u2019ardore famelico di non lasciar nulla agli avversari.<\/p>\n<p>Le iscrizioni per partecipare alla gara sono gi\u00e0 a disposizione, con la quota d\u2019apertura fissata a 35 euro. Essa non permetter\u00e0 unicamente di essere fra i protagonisti della competizione, bens\u00ec di garantirsi un fornito pacco gara comprensivo di giubbino tecnico waterproof antivento a manica lunga, realizzato con materiale altamente traspirante e performante con membrana E-vent prodotto da Al\u00e9, un capo eccezionale da portare con s\u00e9 in ogni stagione, in grado di assicurare agli atleti la massima protezione dagli agenti atmosferici avversi, e ancora diploma, assistenza medica e meccanica, ristori nel corso della prova e, come da consuetudine, riso party conclusivo.<\/p>\n<p>Le classifiche finali premieranno i primi tre dei percorsi \u2018medio\u2019, \u2018lungo\u2019 e della \u2018cronoscalata del Cannibale\u2019, riservata ai migliori tempi. La prova sar\u00e0 inoltre sesta tappa del circuito \u2018Al\u00e9 Challenge\u2019, che include le pi\u00f9 belle e rinomate manifestazioni ciclistiche del Nord Italia, capitanate da Al\u00e9 La Merckx Granfondo Verona.<\/p>\n<p>Info: <a href=\"http:\/\/www.granfondoeddymerckx.com\/\">www.granfondoeddymerckx.com<\/a><\/p>\n","protected":false},"excerpt":{"rendered":"<p>Il 12 giugno Al\u00e9 La Merckx Granfondo Verona aprir\u00e0 le porte ai cicloamatori Start previsto dalla suggestiva cornice scaligera di Piazza Br\u00e0 Percorsi di 85 km e 1380 metri di dislivello e 136 km e 2640 metri di dislivello Partenza ed arrivo a Verona per i percorsi \u2018medio\u2019 e \u2018lungo\u2019 &nbsp; &nbsp; Al\u00e9 La Merckx [&hellip;]<\/p>\n","protected":false},"author":15,"featured_media":0,"comment_status":"open","ping_status":"open","sticky":false,"template":"","format":"standard","meta":{"footnotes":""},"categories":[15],"tags":[],"class_list":["post-5480","post","type-post","status-publish","format-standard","hentry","category-sport"],"_links":{"self":[{"href":"https:\/\/www.area-press.eu\/comunicatistampa\/wp-json\/wp\/v2\/posts\/5480","targetHints":{"allow":["GET"]}}],"collection":[{"href":"https:\/\/www.area-press.eu\/comunicatistampa\/wp-json\/wp\/v2\/posts"}],"about":[{"href":"https:\/\/www.area-press.eu\/comunicatistampa\/wp-json\/wp\/v2\/types\/post"}],"author":[{"embeddable":true,"href":"https:\/\/www.area-press.eu\/comunicatistampa\/wp-json\/wp\/v2\/users\/15"}],"replies":[{"embeddable":true,"href":"https:\/\/www.area-press.eu\/comunicatistampa\/wp-json\/wp\/v2\/comments?post=5480"}],"version-history":[{"count":1,"href":"https:\/\/www.area-press.eu\/comunicatistampa\/wp-json\/wp\/v2\/posts\/5480\/revisions"}],"predecessor-version":[{"id":5481,"href":"https:\/\/www.area-press.eu\/comunicatistampa\/wp-json\/wp\/v2\/posts\/5480\/revisions\/5481"}],"wp:attachment":[{"href":"https:\/\/www.area-press.eu\/comunicatistampa\/wp-json\/wp\/v2\/media?parent=5480"}],"wp:term":[{"taxonomy":"category","embeddable":true,"href":"https:\/\/www.area-press.eu\/comunicatistampa\/wp-json\/wp\/v2\/categories?post=5480"},{"taxonomy":"post_tag","embeddable":true,"href":"https:\/\/www.area-press.eu\/comunicatistampa\/wp-json\/wp\/v2\/tags?post=5480"}],"curies":[{"name":"wp","href":"https:\/\/api.w.org\/{rel}","templated":true}]}}