{"id":547,"date":"2015-07-24T10:37:15","date_gmt":"2015-07-24T08:37:15","guid":{"rendered":"http:\/\/www.area-press.eu\/comunicatistampa\/?p=547"},"modified":"2018-10-28T18:24:54","modified_gmt":"2018-10-28T17:24:54","slug":"european-enduro-series-in-val-venosta-bz-passo-resia-casa-dellenduro-mtb","status":"publish","type":"post","link":"https:\/\/www.area-press.eu\/comunicatistampa\/2015\/07\/24\/european-enduro-series-in-val-venosta-bz-passo-resia-casa-dellenduro-mtb\/","title":{"rendered":"EUROPEAN ENDURO SERIES IN VAL VENOSTA (BZ), PASSO RESIA CASA DELL\u2019ENDURO MTB"},"content":{"rendered":"<p>Sabato 25 e domenica 26 luglio European Enduro Series a Passo Resia<\/p>\n<p>La gara dei \u20183 Paesi\u2019 fra le pi\u00f9 apprezzate del circuito<\/p>\n<p>Si pedala sui 12 percorsi da enduro a cavallo fra Alto Adige, Austria e Svizzera<\/p>\n<p>Nuovi \u2018trails\u2019 in preparazione<\/p>\n<p>&nbsp;<\/p>\n<p>&nbsp;<\/p>\n<p>Enduro fa rima con Val Venosta. Domani e domenica, infatti, i single track di Passo Resia ospiteranno l\u2019European Enduro Series, uno dei pi\u00f9 noti circuiti continentali dedicati all\u2019enduro mtb. La gara dei \u20183 paesi\u2019 si snoda sugli spettacolari sentieri a cavallo di Alto Adige, Svizzera e Austria e i bikers di tutta Europa, ma non solo, sentono forte il richiamo del Lago di Resia, delle Alpi Venoste e degli splendidi panorami sul Gruppo dell\u2019Ortles. La prova di Passo Resia ha fatto segnare il record di iscritti fra le gare del circuito sin qui disputate e questo fine settimana saranno 260 i bikers a scatenarsi sui sentieri dell\u2019Alta Val Venosta. Decine le nazioni rappresentate: Italia, Svizzera, Germania e Austria in primis, ma a Passo Resia giungeranno anche bikers da Svezia, Grecia, Norvegia, Spagna, Canada e Nuova Zelanda, per citarne solo alcune.<\/p>\n<p>Scorrendo la starting list, spiccano i nomi di \u00e9lite come il ceco Michal Prokop, leader del circuito e iridato nella specialit\u00e0 Four Cross, i britannici Robert Williams e James Shirley o i tedeschi Tobias e Markus Reiser, mentre per quanto riguarda i colori azzurri i bikers da tenere d\u2019occhio sono il venostano Philip Walder e il bellunese Marco De Col.<\/p>\n<p>Il programma si apre domani con la ricognizione obbligatoria dei percorsi, mentre domenica toccher\u00e0 alla gara vera dove sei frazioni serviranno a stilare le classifiche di tappa: il tracciato si snoda attraverso i 12 trails dell\u2019area dei \u20183 paesi\u2019, vere e proprie piste da enduro aperte durante tutta la stagione estiva per le scorribande dei patiti di questa specialit\u00e0. I percorsi sono facilmente raggiungibili dagli impianti di risalita della zona di Passo Resia ed il quartier generale della manifestazione verr\u00e0 allestito nei pressi della stazione a valle della cabinovia Belpiano, sulle sponde del Lago di Resia, dove non mancher\u00e0 un tendone coperto che ospiter\u00e0 il pasta party e per tutto il week end delizier\u00e0 i bikers con le diverse specialit\u00e0 altoatesine.<\/p>\n<p>L\u2019ampia offerta dedicata agli appassionati di mountain bike e di enduro \u00e8 destinata ad arricchirsi ulteriormente, visto che a breve verr\u00e0 inaugurato il 13esimo trail e nelle prossime settimane verranno realizzate altre due piste. L\u2019area di Passo Resia, dunque, \u00e8 un vero e proprio paradiso per gli amanti della mountain bike e delle attivit\u00e0 outdoor e per scoprire tutte le opportunit\u00e0 che quest\u2019angolo di Val Venosta regala agli sportivi basta accedere al sito <a href=\"http:\/\/www.venosta.net\/it\/passo-resia.html\">www.venosta.net\/it\/passo-resia.html<\/a>, mentre per le informazioni tecniche sull\u2019European Enduro Series basta fare riferimento al sito www.europeanenduroseries.com<\/p>\n","protected":false},"excerpt":{"rendered":"<p>Sabato 25 e domenica 26 luglio European Enduro Series a Passo Resia La gara dei \u20183 Paesi\u2019 fra le pi\u00f9 apprezzate del circuito Si pedala sui 12 percorsi da enduro a cavallo fra Alto Adige, Austria e Svizzera Nuovi \u2018trails\u2019 in preparazione &nbsp; &nbsp; Enduro fa rima con Val Venosta. Domani e domenica, infatti, i [&hellip;]<\/p>\n","protected":false},"author":15,"featured_media":0,"comment_status":"open","ping_status":"open","sticky":false,"template":"","format":"standard","meta":{"footnotes":""},"categories":[15],"tags":[],"class_list":["post-547","post","type-post","status-publish","format-standard","hentry","category-sport"],"_links":{"self":[{"href":"https:\/\/www.area-press.eu\/comunicatistampa\/wp-json\/wp\/v2\/posts\/547","targetHints":{"allow":["GET"]}}],"collection":[{"href":"https:\/\/www.area-press.eu\/comunicatistampa\/wp-json\/wp\/v2\/posts"}],"about":[{"href":"https:\/\/www.area-press.eu\/comunicatistampa\/wp-json\/wp\/v2\/types\/post"}],"author":[{"embeddable":true,"href":"https:\/\/www.area-press.eu\/comunicatistampa\/wp-json\/wp\/v2\/users\/15"}],"replies":[{"embeddable":true,"href":"https:\/\/www.area-press.eu\/comunicatistampa\/wp-json\/wp\/v2\/comments?post=547"}],"version-history":[{"count":2,"href":"https:\/\/www.area-press.eu\/comunicatistampa\/wp-json\/wp\/v2\/posts\/547\/revisions"}],"predecessor-version":[{"id":34984,"href":"https:\/\/www.area-press.eu\/comunicatistampa\/wp-json\/wp\/v2\/posts\/547\/revisions\/34984"}],"wp:attachment":[{"href":"https:\/\/www.area-press.eu\/comunicatistampa\/wp-json\/wp\/v2\/media?parent=547"}],"wp:term":[{"taxonomy":"category","embeddable":true,"href":"https:\/\/www.area-press.eu\/comunicatistampa\/wp-json\/wp\/v2\/categories?post=547"},{"taxonomy":"post_tag","embeddable":true,"href":"https:\/\/www.area-press.eu\/comunicatistampa\/wp-json\/wp\/v2\/tags?post=547"}],"curies":[{"name":"wp","href":"https:\/\/api.w.org\/{rel}","templated":true}]}}