{"id":5430,"date":"2016-01-20T17:53:17","date_gmt":"2016-01-20T16:53:17","guid":{"rendered":"http:\/\/www.area-press.eu\/comunicatistampa\/?p=5430"},"modified":"2016-01-20T17:53:17","modified_gmt":"2016-01-20T16:53:17","slug":"un-mese-alla-33a-gran-fondo-val-casies-bz-ancora-pochi-giorni-a-quote-agevolate","status":"publish","type":"post","link":"https:\/\/www.area-press.eu\/comunicatistampa\/2016\/01\/20\/un-mese-alla-33a-gran-fondo-val-casies-bz-ancora-pochi-giorni-a-quote-agevolate\/","title":{"rendered":"UN MESE ALLA 33\u00aa GRAN FONDO VAL CASIES (BZ), ANCORA POCHI GIORNI A QUOTE AGEVOLATE"},"content":{"rendered":"<p>Il 20 e 21 febbraio va in scena la Gran Fondo Val Casies<\/p>\n<p>32 edizioni consecutive senza annullamenti<\/p>\n<p>Tempo fino al 31 gennaio per poter sfruttare le tariffe pi\u00f9 convenienti<\/p>\n<p>33% di aumento degli iscritti rispetto allo stesso periodo del 2015<\/p>\n<p>&nbsp;<\/p>\n<p>&nbsp;<\/p>\n<p>Un mese alla Gran Fondo Val Casies, l\u2019unica manifestazione in Europa \u2013 come tengono a sottolineare gli organizzatori &#8211; che dal 1984 ha sempre risposto \u2018presente\u2019 senza nessun annullamento. La Gran Fondo altoatesina conceder\u00e0 ancora pochi giorni per sfruttare le tariffe che permetteranno di accedere pi\u00f9 \u2018agevolmente\u2019 alla competizione del 20 e 21 febbraio; sino al 31 gennaio i fondisti potranno usufruire della quota di 48 euro per la gara in tecnica classica, 49 euro per la tecnica libera, 79 euro per entrambe e 39 euro per la \u201cJust for Fun\u201d, la manifestazione non agonistica che d\u00e0 l\u2019opportunit\u00e0 ai \u2018meno allenati\u2019 o semplicemente a chi desidera una \u2018sgambata\u2019 all\u2019aria aperta in serenit\u00e0 di godere di una competizione di cos\u00ec alto livello. Queste allettanti proposte comprendono anche la possibilit\u00e0 di partecipare all\u2019estrazione di cinque mountain bike, un diploma, una medaglia ed un lauto pranzo al termine delle fatiche sugli sci stretti.<\/p>\n<p>La vallata altoatesina \u00e8 ben imbiancata e pronta ad ospitare fondisti provenienti da oltre 30 nazioni, i quali si cimenteranno sabato 20 febbraio nella prova in tecnica classica di 30 o 42 km, mentre domenica 21 febbraio sar\u00e0 la volta della tecnica libera, sempre sulle medesime distanze, con la possibilit\u00e0 di essere inclusi anche nella speciale classifica \u201ccombinata\u201d per chi affronter\u00e0 entrambe le gare. La sfida di domenica in particolar modo sar\u00e0 inserita nel prestigioso circuito Coppa Italia Sportful (sulla distanza di 30 km per le donne e di 42 km per gli uomini), cos\u00ec da rendere ancor pi\u00f9 interessante la contesa con la partecipazione di molti atleti di rilievo dei vari gruppi sportivi militari. La giornata di sabato avr\u00e0 un angolo particolare dedicato ai pi\u00f9 piccoli, con i giovani della ventitreesima MINI Val Casies, protagonisti di una competizione in tecnica libera suddivisi nella categorie \u201cBaby\u201d, \u201cCuccioli\u201d, \u201cRagazzi\u201d, \u201cAllievi\u201d ed \u201cAspiranti\u201d.<\/p>\n<p>Spazio anche alle iniziative di contorno, come l\u2019innovativa \u201cBusiness Run 90 km\u201d per squadre composte da tre dipendenti della stessa azienda che effettueranno ciascuno la prova di 30 km (quota per ogni team 135 euro). I tempi dei tre componenti saranno sommati e daranno vita ad una speciale classifica a squadre, inoltre saranno inseriti anche nelle graduatorie individuali della Gran Fondo.<\/p>\n<p>Il comitato organizzatore presieduto da \u201cpatron\u201d Walter Felderer lascia trapelare che le iscrizioni procedono arrembanti sia in Europa che oltreoceano, con il considerevole aumento del 33% rispetto al medesimo periodo della precedente edizione. La Gran Fondo Val Casies 2016 potrebbe essere un\u2019edizione da record, con partecipazioni illustri, una su tutte quella del pluricampione Giorgio Di Centa, pronto a replicare il successo 2015.<\/p>\n<p>Info: <a href=\"http:\/\/www.valcasies.com\/\">www.valcasies.com<\/a><\/p>\n","protected":false},"excerpt":{"rendered":"<p>Il 20 e 21 febbraio va in scena la Gran Fondo Val Casies 32 edizioni consecutive senza annullamenti Tempo fino al 31 gennaio per poter sfruttare le tariffe pi\u00f9 convenienti 33% di aumento degli iscritti rispetto allo stesso periodo del 2015 &nbsp; &nbsp; Un mese alla Gran Fondo Val Casies, l\u2019unica manifestazione in Europa \u2013 [&hellip;]<\/p>\n","protected":false},"author":15,"featured_media":0,"comment_status":"open","ping_status":"open","sticky":false,"template":"","format":"standard","meta":{"footnotes":""},"categories":[15],"tags":[],"class_list":["post-5430","post","type-post","status-publish","format-standard","hentry","category-sport"],"_links":{"self":[{"href":"https:\/\/www.area-press.eu\/comunicatistampa\/wp-json\/wp\/v2\/posts\/5430","targetHints":{"allow":["GET"]}}],"collection":[{"href":"https:\/\/www.area-press.eu\/comunicatistampa\/wp-json\/wp\/v2\/posts"}],"about":[{"href":"https:\/\/www.area-press.eu\/comunicatistampa\/wp-json\/wp\/v2\/types\/post"}],"author":[{"embeddable":true,"href":"https:\/\/www.area-press.eu\/comunicatistampa\/wp-json\/wp\/v2\/users\/15"}],"replies":[{"embeddable":true,"href":"https:\/\/www.area-press.eu\/comunicatistampa\/wp-json\/wp\/v2\/comments?post=5430"}],"version-history":[{"count":1,"href":"https:\/\/www.area-press.eu\/comunicatistampa\/wp-json\/wp\/v2\/posts\/5430\/revisions"}],"predecessor-version":[{"id":5431,"href":"https:\/\/www.area-press.eu\/comunicatistampa\/wp-json\/wp\/v2\/posts\/5430\/revisions\/5431"}],"wp:attachment":[{"href":"https:\/\/www.area-press.eu\/comunicatistampa\/wp-json\/wp\/v2\/media?parent=5430"}],"wp:term":[{"taxonomy":"category","embeddable":true,"href":"https:\/\/www.area-press.eu\/comunicatistampa\/wp-json\/wp\/v2\/categories?post=5430"},{"taxonomy":"post_tag","embeddable":true,"href":"https:\/\/www.area-press.eu\/comunicatistampa\/wp-json\/wp\/v2\/tags?post=5430"}],"curies":[{"name":"wp","href":"https:\/\/api.w.org\/{rel}","templated":true}]}}