{"id":5425,"date":"2016-01-20T17:53:17","date_gmt":"2016-01-20T16:53:17","guid":{"rendered":"http:\/\/www.area-press.eu\/comunicatistampa\/?p=5425"},"modified":"2016-01-20T17:53:17","modified_gmt":"2016-01-20T16:53:17","slug":"paolo-campiglio-professionista-attivo-nel-settore-farmaceutico-e-in-ambito-pubblico","status":"publish","type":"post","link":"https:\/\/www.area-press.eu\/comunicatistampa\/2016\/01\/20\/paolo-campiglio-professionista-attivo-nel-settore-farmaceutico-e-in-ambito-pubblico\/","title":{"rendered":"Paolo Campiglio, professionista attivo nel settore farmaceutico e in ambito pubblico"},"content":{"rendered":"<p><em><strong>I risvolti professionali e pubblici all&#8217;interno della carriera di <a title=\"Paolo Campiglio - Profilo H2Biz\" href=\"http:\/\/www.h2biz.eu\/professionisti\/Paolo-Campiglio\/\">Paolo Campiglio<\/a>, professionista del settore farmaceutico.<\/strong><\/em><\/p>\n<p><a title=\"Paolo Campiglio - Profilo H2Biz\" href=\"http:\/\/www.h2biz.eu\/professionisti\/Paolo-Campiglio\/\"><img loading=\"lazy\" decoding=\"async\" src=\"http:\/\/www.h2biz.eu\/public\/min_11762-i-profilo%20istituzionale.jpg\" alt=\"Paolo Campiglio, presidente di Dacl\u00e9 Polska SA\" width=\"355\" height=\"226\" \/><\/a><\/p>\n<h2>Paolo Campiglio: gli incarichi professionali<\/h2>\n<p><strong>Paolo Campiglio<\/strong> comincia a lavorare nel settore farmaceutico nel 2000, quando entra a far parte di Carmax-Pro S.r.l., laboratorio e societ\u00e0 di cui ricopre la carica di amministratore delegato. Specializzatosi in tale comparto grazie al percorso accademico svolto presso l&#8217;Universit\u00e0 degli Studi di Pavia, dove frequenta la Facolt\u00e0 di Farmacia, ha competenze anche anche nel settore economico, avendo conseguito il diploma in ragioneria quale perito commerciale ad indirizzo giuridico-amministrativo. Proprio in questo ambito opera inizialmente, all&#8217;interno di un&#8217;attivit\u00e0 aperta in societ\u00e0 e attiva nella consulenza per imprese che desiderano intraprendere operazioni di internazionalizzazione. A questo fa seguito il ruolo dirigenziale all&#8217;interno della societ\u00e0 di vendita di apparecchiature elettroniche per scopi sanitari e di presidi medico-chirurgici, svolgendo successivamente la mansione di direttore commerciale del Gruppo Dacl\u00e9, societ\u00e0 chimica e laboratorio farmaceutico per il quale gestisce i mercati esteri, mantenendo floridi quelli gi\u00e0 attivi, e ponendone in essere di nuovi, concentrando le proprie attivit\u00e0 sull&#8217;area orientale dell&#8217;Europa, in particolare Moldova, Romania e Polonia. In questo ultimo Paese Paolo Campiglio si trasferisce nel 2015, quando assume la carica di presidente di Dacl\u00e9 Polska SA, distaccamento polacco dell&#8217;omonima societ\u00e0 italiana.<\/p>\n<h2>Gli impegni di Paolo Campiglio in ambito pubblico<\/h2>\n<p><strong>Paolo Campiglio<\/strong> ha ricoperto numerosi incarichi nel corso della sua carriera anche al di fuori del settore farmaceutico. Nel 1997, infatti, entra a far parte del comune di Legnano (MI), dove per la durata di tre mandati &#8211; fino al 2012 &#8211; viene incaricato di seguire differenti attivit\u00e0. Viene, infatti, nominato presidente della commissione lavori pubblici, capogruppo di maggioranza e presidente del consiglio comunale. In questo stesso periodo fa parte del Movimento Giovanile, una tra le realt\u00e0 associative pi\u00f9 vitali di tutta Italia. Qui ricopre inizialmente la carica di coordinatore regionale per poi divenire dirigente nazionale del settore &#8220;esteri&#8221;. Paolo Campiglio assume nel 2006 la carica di vice-presidente all&#8217;interno di uno dei Consorzi tra i pi\u00f9 importanti sull&#8217;intero territorio nazionale, il Sistema Bibliotecario Nord Ovest di Milano, mentre nel 2008 diviene presidente della Camera di Commercio Italo-Polacca, che si prefigge l&#8217;obiettivo di promuovere gli investimenti su territorio polacco da parte di enti governativi, imprenditori e professionisti italiani.<\/p>\n<p><em><strong>Per avere maggiori dettagli sul suo percorso professionale, visita il <a title=\"Paolo Campiglio\" href=\"http:\/\/www.h2biz.eu\/professionisti\/Paolo-Campiglio\/\">profilo H2Biz di Paolo Campiglio<\/a>.<\/strong><\/em><\/p>\n","protected":false},"excerpt":{"rendered":"<p>I risvolti professionali e pubblici all&#8217;interno della carriera di Paolo Campiglio, professionista del settore farmaceutico. Paolo Campiglio: gli incarichi professionali Paolo Campiglio comincia a lavorare nel settore farmaceutico nel 2000, quando entra a far parte di Carmax-Pro S.r.l., laboratorio e societ\u00e0 di cui ricopre la carica di amministratore delegato. Specializzatosi in tale comparto grazie al [&hellip;]<\/p>\n","protected":false},"author":40,"featured_media":0,"comment_status":"open","ping_status":"open","sticky":false,"template":"","format":"standard","meta":{"footnotes":""},"categories":[29],"tags":[],"class_list":["post-5425","post","type-post","status-publish","format-standard","hentry","category-comunicati"],"_links":{"self":[{"href":"https:\/\/www.area-press.eu\/comunicatistampa\/wp-json\/wp\/v2\/posts\/5425","targetHints":{"allow":["GET"]}}],"collection":[{"href":"https:\/\/www.area-press.eu\/comunicatistampa\/wp-json\/wp\/v2\/posts"}],"about":[{"href":"https:\/\/www.area-press.eu\/comunicatistampa\/wp-json\/wp\/v2\/types\/post"}],"author":[{"embeddable":true,"href":"https:\/\/www.area-press.eu\/comunicatistampa\/wp-json\/wp\/v2\/users\/40"}],"replies":[{"embeddable":true,"href":"https:\/\/www.area-press.eu\/comunicatistampa\/wp-json\/wp\/v2\/comments?post=5425"}],"version-history":[{"count":1,"href":"https:\/\/www.area-press.eu\/comunicatistampa\/wp-json\/wp\/v2\/posts\/5425\/revisions"}],"predecessor-version":[{"id":5426,"href":"https:\/\/www.area-press.eu\/comunicatistampa\/wp-json\/wp\/v2\/posts\/5425\/revisions\/5426"}],"wp:attachment":[{"href":"https:\/\/www.area-press.eu\/comunicatistampa\/wp-json\/wp\/v2\/media?parent=5425"}],"wp:term":[{"taxonomy":"category","embeddable":true,"href":"https:\/\/www.area-press.eu\/comunicatistampa\/wp-json\/wp\/v2\/categories?post=5425"},{"taxonomy":"post_tag","embeddable":true,"href":"https:\/\/www.area-press.eu\/comunicatistampa\/wp-json\/wp\/v2\/tags?post=5425"}],"curies":[{"name":"wp","href":"https:\/\/api.w.org\/{rel}","templated":true}]}}