{"id":54195,"date":"2020-10-15T11:08:25","date_gmt":"2020-10-15T09:08:25","guid":{"rendered":"https:\/\/www.area-press.eu\/comunicatistampa\/?p=54195"},"modified":"2020-10-15T11:08:25","modified_gmt":"2020-10-15T09:08:25","slug":"speciali-ringraziamenti-a-procivicos-per-laiuto-offerto","status":"publish","type":"post","link":"https:\/\/www.area-press.eu\/comunicatistampa\/2020\/10\/15\/speciali-ringraziamenti-a-procivicos-per-laiuto-offerto\/","title":{"rendered":"SPECIALI RINGRAZIAMENTI A PROCIVICOS PER L&#8217;AIUTO OFFERTO"},"content":{"rendered":"<p>PRO.CIVI.CO.S. MILANO riceve uno speciale ringraziamento dal parte del Sindaco di Rovellasca, per il l\u2019aiuto offerto durante il periodo di lockdown. Nei ringraziamenti scritti, un susseguirsi di bellissime parole, si legge anche:<br \/>\n\u201c\u2026 mentre i giorni si susseguivano e progettavamo come gestire la Fase 3, un pensiero mi accompagnava sempre, ravvivato da ogni nuovo passo che riuscivamo a compiere: ringraziare chi, spontaneamente e senza secondi fini, ha contribuito a costruire questa nuova realt\u00e0 che stiamo vivendo. Oggi vi scrivo per dirvi GRAZIE! Grazie a Voi e con Voi abbiamo potuto aiutare tanti cittadini trovatisi in difficolt\u00e0. Come Sindaco Vi ringrazio a nome di tutta la mia comunit\u00e0, costretta suo malgrado ad affrontare una situazione socio-economica che preoccupa, spaventa e che, inevitabilmente, ha toccato la vita di tutti noi. Ci avete aiutato in un momento in cui mancavano i mezzi e le risorse per aiutare tutti e anche la pi\u00f9 semplice azione rappresentava rischi e sacrifici. \u2026\u201d<br \/>\nTirando le somme, i 91 volontari che si sono attivati hanno espletato 688 servizi in favore della popolazione per un totale di 12.980 persone aiutate, con un totale di 35.015 ore di volontariato svolte In aggiunta, sono oltre 400 le famiglie a cui hanno garantito cibo, oltre a mascherine e spese mediche necessarie.<br \/>\nL\u2019Associazione \u201cVOLONTARI DI PROTEZIONE CIVILE DELLA COMUNIT\u00c0 DI SCIENTOLOGY DI MILANO\u201d, o in forma abbreviata \u201cPRO.CIVI.CO.S. MILANO\u201d, \u00e8 stata costituita il 4 maggio 2007. PRO.CIVI.CO.S. nasce grazie a un gruppo di Ministri Volontari della Chiesa di Scientology di Milano che, dopo anni di volontariato nell\u2019assistere il prossimo in difficolt\u00e0, culminati nella toccante e indelebile esperienza dello tsunami in Sri Lanka, hanno sentito l\u2019esigenza di organizzarsi e collaborare con altre associazioni di volontariato, quali appunto le organizzazioni di Protezione Civile, onde poter scambiare le rispettive esperienze e conoscenze per migliorare il raggio d\u2019azione e la qualit\u00e0 dell\u2019assistenza offerta.<br \/>\nL\u2019attivit\u00e0 sinora svolta dai volontari della PRO.CIVI.CO.S. \u00e8 stata riconosciuta e apprezzata da pi\u00f9 parti anche in ambito istituzionale. I Ministri Volontari di Scientology nascono a seguito di una ricerca sociologica condotta dal Fondatore di Scientology, L. Ron Hubbard, nel 1973.<\/p>\n","protected":false},"excerpt":{"rendered":"<p>PRO.CIVI.CO.S. MILANO riceve uno speciale ringraziamento dal parte del Sindaco di Rovellasca, per il l\u2019aiuto offerto durante il periodo di lockdown. Nei ringraziamenti scritti, un susseguirsi di bellissime parole, si legge anche: \u201c\u2026 mentre i giorni si susseguivano e progettavamo come gestire la Fase 3, un pensiero mi accompagnava sempre, ravvivato da ogni nuovo passo [&hellip;]<\/p>\n","protected":false},"author":6132,"featured_media":0,"comment_status":"open","ping_status":"open","sticky":false,"template":"","format":"standard","meta":{"footnotes":""},"categories":[29],"tags":[],"class_list":["post-54195","post","type-post","status-publish","format-standard","hentry","category-comunicati"],"_links":{"self":[{"href":"https:\/\/www.area-press.eu\/comunicatistampa\/wp-json\/wp\/v2\/posts\/54195","targetHints":{"allow":["GET"]}}],"collection":[{"href":"https:\/\/www.area-press.eu\/comunicatistampa\/wp-json\/wp\/v2\/posts"}],"about":[{"href":"https:\/\/www.area-press.eu\/comunicatistampa\/wp-json\/wp\/v2\/types\/post"}],"author":[{"embeddable":true,"href":"https:\/\/www.area-press.eu\/comunicatistampa\/wp-json\/wp\/v2\/users\/6132"}],"replies":[{"embeddable":true,"href":"https:\/\/www.area-press.eu\/comunicatistampa\/wp-json\/wp\/v2\/comments?post=54195"}],"version-history":[{"count":2,"href":"https:\/\/www.area-press.eu\/comunicatistampa\/wp-json\/wp\/v2\/posts\/54195\/revisions"}],"predecessor-version":[{"id":54197,"href":"https:\/\/www.area-press.eu\/comunicatistampa\/wp-json\/wp\/v2\/posts\/54195\/revisions\/54197"}],"wp:attachment":[{"href":"https:\/\/www.area-press.eu\/comunicatistampa\/wp-json\/wp\/v2\/media?parent=54195"}],"wp:term":[{"taxonomy":"category","embeddable":true,"href":"https:\/\/www.area-press.eu\/comunicatistampa\/wp-json\/wp\/v2\/categories?post=54195"},{"taxonomy":"post_tag","embeddable":true,"href":"https:\/\/www.area-press.eu\/comunicatistampa\/wp-json\/wp\/v2\/tags?post=54195"}],"curies":[{"name":"wp","href":"https:\/\/api.w.org\/{rel}","templated":true}]}}