{"id":54174,"date":"2020-10-15T11:08:24","date_gmt":"2020-10-15T09:08:24","guid":{"rendered":"https:\/\/www.area-press.eu\/comunicatistampa\/?p=54174"},"modified":"2020-10-15T11:08:24","modified_gmt":"2020-10-15T09:08:24","slug":"area-sanremo-2020-resi-noti-i-nomi-della-commissione-artistica-dellunico-concorso-che-da-accesso-al-71-festival-di-sanremo","status":"publish","type":"post","link":"https:\/\/www.area-press.eu\/comunicatistampa\/2020\/10\/15\/area-sanremo-2020-resi-noti-i-nomi-della-commissione-artistica-dellunico-concorso-che-da-accesso-al-71-festival-di-sanremo\/","title":{"rendered":"Area Sanremo 2020 resi noti i nomi della commissione artistica dell\u2019unico concorso che d\u00e0 accesso al 71\u00b0 Festival di Sanremo"},"content":{"rendered":"<p><img loading=\"lazy\" decoding=\"async\" class=\"alignnone size-medium aligncenter\" src=\"https:\/\/www.joyfreepress.com\/wp-content\/uploads\/2020\/09\/loghi-AS2020.png\" width=\"317\" height=\"214\" \/><\/p>\n<p><i><span style=\"font-weight: 400\">Nomi di profilo ed esperienza del mondo della musica: Vittorio De Scalzi, Gianmaurizio Foderaro, Rossana Casale, Erica Mou e G-Max.<\/span><\/i><\/p>\n<p><span style=\"font-weight: 400\">Sono nomi prestigiosi, quelli scelti per la commissione che quest\u2019anno andr\u00e0 a valutare i ragazzi che si iscriveranno all\u2019unico concorso che porter\u00e0 due artisti sul palco dell\u2019Ariston.<\/span><\/p>\n<p><b>Vittorio De Scalzi<\/b><span style=\"font-weight: 400\">, Presidente della Commissione, \u00e8 uno dei compositori, autori e cantanti italiani che sulla sua continua ricerca, sperimentazione e curiosit\u00e0 musicale ha modellato e costruito il suo straordinario talento in oltre 50 anni di carriera. Decine di evergreen pop, dischi pilastro del rock progressive e 7 Festival di Sanremo con i New Trolls.<\/span><\/p>\n<p><b>Gianmaurizio Foderaro<\/b><span style=\"font-weight: 400\">: una voce storica e inconfondibile, cronista e narratore dell&#8217;effimero musicale, docente universitario, autore. Una vita ai microfoni RAI, con decine di trasmissioni e di ruoli anche televisivi, e tanti Festival raccontati nell&#8217;etere. Membro della giuria di Sanremo Giovani nelle edizioni di Morandi e Conti.<\/span><\/p>\n<p><b>Rossana Casale<\/b><span style=\"font-weight: 400\">: il canto Jazz e il canto Pop sono da sempre il suo mestiere. Corista per i grandi della musica in giovent\u00f9, partecipa a 5 Festival di Sanremo, a 4 edizioni di X-Factor come vocal coach. E poi tanti dischi che da anni porta in giro per il mondo.<\/span><\/p>\n<p><b>Erica Mou<\/b><span style=\"font-weight: 400\">, cantautrice dalla forte personalit\u00e0, ironica e istrionica. Una bacheca stracolma di premi e concerti in molti angoli del mondo. Canzoni prestate al cinema, al teatro e alla pubblicit\u00e0. Un Sanremo Giovani in cui ha vinto Critica e sala radio. Ed ha appena scritto un libro, gi\u00e0 pluripremiato.<\/span><\/p>\n<p><b>G-Max<\/b><span style=\"font-weight: 400\">: dischi, successi e ininterrotti tour con i Flaminio Maphia, un Festival di Sanremo con Franco Califano, attore in molti film e fiction di culto, conduttore di seguitissime trasmissioni di musica, nonch\u00e9 co-conduttore da 20 anni di Stracult su Rai2 e in radio su 105.<\/span><\/p>\n<p>&nbsp;<\/p>\n<p><span style=\"font-weight: 400\">Il <\/span><b>Presidente della<\/b> <b>Fondazione Orchestra Sinfonica di Sanremo<\/b><span style=\"font-weight: 400\">, <\/span><b>Livio Emanueli<\/b><span style=\"font-weight: 400\">, dichiara: \u00ab<\/span><i><span style=\"font-weight: 400\">Siamo felici di annunciare questa commissione eterogenea, complementare e di qualit\u00e0. E lo siamo anche per la risposta che i giovani artisti stanno dando, avendo gi\u00e0 oltrepassato le 200 domande di iscrizione. Siamo fiduciosi del fatto che Area Sanremo vivr\u00e0, nonostante il periodo difficile, una grande edizione<\/span><\/i><span style=\"font-weight: 400\">\u00bb.<\/span><\/p>\n<p><span style=\"font-weight: 400\">Le\u00a0<\/span><b>audizioni live<\/b><span style=\"font-weight: 400\">\u00a0di<\/span><b> Area Sanremo 2020<\/b><span style=\"font-weight: 400\"> saranno nei giorni 24\/25 ottobre, 31\/1 novembre e 7\/8 novembre, che condurranno alla finale del 21\/22 novembre, quando verranno decretati gli\u00a0<\/span><b>otto vincitori\u00a0<\/b><span style=\"font-weight: 400\">del concorso. Da questi ultimi, la commissione Rai sceglier\u00e0 i\u00a0<\/span><b>2 partecipanti<\/b><span style=\"font-weight: 400\">\u00a0alle\u00a0<\/span><b>Nuove Proposte\u00a0<\/b><span style=\"font-weight: 400\">del <\/span><b>Festival di Sanremo 2021.<\/b><\/p>\n<p><span style=\"font-weight: 400\">Le audizioni si svolgeranno al Palafiori, nel rispetto delle norme di sicurezza anti-Covid. I\u00a0<\/span><b>corsi\u00a0<\/b><span style=\"font-weight: 400\">preparatori invece non si terranno in presenza, ma\u00a0<\/span><b>saranno on line<\/b><span style=\"font-weight: 400\">.\u00a0<\/span><\/p>\n<p><span style=\"font-weight: 400\">Riconfermata la partnership con <\/span><b>Nuovo Imaie<\/b><span style=\"font-weight: 400\"> e <\/span><b>CPM Music Institute<\/b><span style=\"font-weight: 400\"> come Educational Partner. Mentre <\/span><b>Rai Radio Tutta Italiana<\/b><span style=\"font-weight: 400\"> \u00e8 Media Partner del concorso.<\/span><\/p>\n<p><span style=\"font-weight: 400\">Quest&#8217;anno il numero dei partecipanti sar\u00e0 a numero chiuso per le prime 600 domande d&#8217;iscrizione, per ottimizzare le procedure e garantire al personale e ai partecipanti una corretta e sicura affluenza, una migliore gestione dei flussi e una continua sanificazione.\u00a0<\/span><\/p>\n<p><span style=\"font-weight: 400\">Anche quest\u2019anno l\u2019iscrizione al concorso sar\u00e0 gratuita.<\/span><\/p>\n<p><span style=\"font-weight: 400\">Primo importante e necessario criterio per iscriversi al concorso \u00e8 avere un brano inedito, per i dettagli consultare l\u2019intero regolamento sul sito ufficiale di Area Sanremo.<\/span><\/p>\n<p>&nbsp;<\/p>\n<p><b>Contatti e social<\/b><\/p>\n<p>&nbsp;<\/p>\n<p><b>Sito Web: <\/b><a href=\"http:\/\/www.area-sanremo.it\"><b>www.area-sanremo.it<\/b><\/a><\/p>\n<p><b>Facebook: <\/b><a href=\"http:\/\/www.facebook.com\/areasanremo.officialI\"><b>www.facebook.com\/areasanremo.official<\/b><\/a><\/p>\n<p><b>Instagram: <\/b><a href=\"http:\/\/www.instagram.com\/areasanremo\"><b>www.instagram.com\/areasanremo<\/b><\/a><\/p>\n<p><b>Area Sanremo: <\/b><b>contact@area-sanremo.it<\/b> <b>&#8211; 0184 505764 (orario d\u2019ufficio)<\/b><\/p>\n<p>&nbsp;<\/p>\n<p><b>Ufficio stampa e comunicazione l\u2019altoparlante: <\/b><b>www.laltoparlante.it<\/b><\/p>\n<p><b>Promo stampa-tv-web: Francesca Zizzari <\/b><b>francesca@laltoparlante.it<\/b><b> \u2013 328 4161425<\/b><\/p>\n<p><b>Promo radio: Cristina Poletti <\/b><b>cristina@laltoparlante.it<\/b><b> \u2013 338 5224133<\/b><\/p>\n","protected":false},"excerpt":{"rendered":"<p>Nomi di profilo ed esperienza del mondo della musica: Vittorio De Scalzi, Gianmaurizio Foderaro, Rossana Casale, Erica Mou e G-Max. Sono nomi prestigiosi, quelli scelti per la commissione che quest\u2019anno andr\u00e0 a valutare i ragazzi che si iscriveranno all\u2019unico concorso che porter\u00e0 due artisti sul palco dell\u2019Ariston. Vittorio De Scalzi, Presidente della Commissione, \u00e8 uno [&hellip;]<\/p>\n","protected":false},"author":4383,"featured_media":0,"comment_status":"open","ping_status":"open","sticky":false,"template":"","format":"standard","meta":{"footnotes":""},"categories":[12],"tags":[28264,28379,721],"class_list":["post-54174","post","type-post","status-publish","format-standard","hentry","category-musica","tag-area-sanremo-2020","tag-commissione","tag-musica"],"_links":{"self":[{"href":"https:\/\/www.area-press.eu\/comunicatistampa\/wp-json\/wp\/v2\/posts\/54174","targetHints":{"allow":["GET"]}}],"collection":[{"href":"https:\/\/www.area-press.eu\/comunicatistampa\/wp-json\/wp\/v2\/posts"}],"about":[{"href":"https:\/\/www.area-press.eu\/comunicatistampa\/wp-json\/wp\/v2\/types\/post"}],"author":[{"embeddable":true,"href":"https:\/\/www.area-press.eu\/comunicatistampa\/wp-json\/wp\/v2\/users\/4383"}],"replies":[{"embeddable":true,"href":"https:\/\/www.area-press.eu\/comunicatistampa\/wp-json\/wp\/v2\/comments?post=54174"}],"version-history":[{"count":1,"href":"https:\/\/www.area-press.eu\/comunicatistampa\/wp-json\/wp\/v2\/posts\/54174\/revisions"}],"predecessor-version":[{"id":54175,"href":"https:\/\/www.area-press.eu\/comunicatistampa\/wp-json\/wp\/v2\/posts\/54174\/revisions\/54175"}],"wp:attachment":[{"href":"https:\/\/www.area-press.eu\/comunicatistampa\/wp-json\/wp\/v2\/media?parent=54174"}],"wp:term":[{"taxonomy":"category","embeddable":true,"href":"https:\/\/www.area-press.eu\/comunicatistampa\/wp-json\/wp\/v2\/categories?post=54174"},{"taxonomy":"post_tag","embeddable":true,"href":"https:\/\/www.area-press.eu\/comunicatistampa\/wp-json\/wp\/v2\/tags?post=54174"}],"curies":[{"name":"wp","href":"https:\/\/api.w.org\/{rel}","templated":true}]}}