{"id":5414,"date":"2016-01-20T17:53:17","date_gmt":"2016-01-20T16:53:17","guid":{"rendered":"http:\/\/www.area-press.eu\/comunicatistampa\/?p=5414"},"modified":"2016-01-20T17:53:17","modified_gmt":"2016-01-20T16:53:17","slug":"dario-mirri-arricchisce-palermo-con-sanlorenzo-mercato","status":"publish","type":"post","link":"https:\/\/www.area-press.eu\/comunicatistampa\/2016\/01\/20\/dario-mirri-arricchisce-palermo-con-sanlorenzo-mercato\/","title":{"rendered":"Dario Mirri arricchisce Palermo con Sanlorenzo Mercato"},"content":{"rendered":"<p><em><strong>I valori enogastronomici del territorio siciliano vengono recuperati e custoditi da <a title=\"Profilo dedicato a Dario Mirri\" href=\"https:\/\/www.xing.com\/profile\/Dario_Mirri\">Dario Mirri <\/a>nel progetto in realizzazione a Palermo: <a title=\"Sanlorenzo Mercato, il tour con Dario Mirri:\" href=\"http:\/\/www.cronachedigusto.it\/archiviodal-05042011\/320-lintervista\/17704-sanlorenzo-mercato-il-tour-con-dario-mirri-qla-mia-scommessa-culturale-sul-cibo-sicilianoq.html\">Mercato Sanlorenzo<\/a> rivisita la natura del mercato locale, innestandola con un pi\u00f9 moderno concetto di centro commerciale.<\/strong><\/em><\/p>\n<h2>Il progetto enogastronomico di Dario Mirri<\/h2>\n<p>Palermo ospiter\u00e0 a breve un nuovo progetto rivolto al culto del sapore territoriale e della genuinit\u00e0, chiamato <strong><a title=\"Dario Mirri - Mercato Sanlorenzo\" href=\"http:\/\/www.cronachedigusto.it\/archiviodal-05042011\/320-lintervista\/17704-sanlorenzo-mercato-il-tour-con-dario-mirri-qla-mia-scommessa-culturale-sul-cibo-sicilianoq.html\">Sanlorenzo Mercato<\/a><\/strong> ed ideato, nonch\u00e9 progettato e finanziato, da <strong>Dario Mirri<\/strong>. In parallelo al proprio ruolo di Direttore Generale all&#8217;interno di DAMIR S.r.l., perci\u00f2, abbraccia l&#8217;iniziativa imprenditoriale con l&#8217;intento di realizzare uno spazio che si riveli, insieme, di nuova concezione e di recupero delle tradizioni. Quello che sorger\u00e0 nel quartiere di San Lorenzo a Palermo, dunque, sar\u00e0 di pi\u00f9 di un semplice mercato, bens\u00ec un vero e proprio luogo dove riscoprire prodotti locali, rivivere tempi umani e usufruire di spazi ed attivit\u00e0 culturali e ricreative, grazie alla collaborazione stipulata con l&#8217;Universit\u00e0 di Palermo. L&#8217;enogastronomia locale giocher\u00e0 il ruolo di primo piano, poich\u00e9 sar\u00e0 venduto in spazi dedicati, dotati inoltre di attrezzature da cucina: in tal modo sar\u00e0 possibile al visitatore non solo acquistare i prodotti per il trasporto domestico, ma anche consumare dei pasti caldi e genuini in loco. <strong>Dario Mirri<\/strong> ha eletto uno spazio di tremila metri quadrati quale sede per il suo progetto che consentir\u00e0 al capoluogo siciliano di creare nuova occupazione, indirizzata in primo luogo ad un personale giovane dall&#8217;et\u00e0 media di 25 anni.<\/p>\n<h2>Dario Mirri e le attivit\u00e0 professionali<\/h2>\n<p>DAMIR S.r.l. viene fondata nel 1968 ed opera nel settore della pubblicit\u00e0 esterna e delle affissioni. Nel 1991 vi entra a far parte <strong>Dario Mirri<\/strong>, palermitano di nascita classe 1969, il quale approda nella concessionaria siciliana in seguito all&#8217;ottenimento della Laurea in Economia e Commercio conseguita presso l&#8217;Universit\u00e0 degli Studi di Palermo. Il primo incarico che gli viene affidato riguarda la responsabilit\u00e0 di ampliamento degli impianti pubblicitari presenti in portafoglio, gestendo inoltre i bandi di gara a cui la concessionaria partecipa. Si occupa inoltre di gestione del credito con relativo recupero, oltre alle relazioni esterne e con gli Enti pubblici delle zone di giurisdizione della societ\u00e0, ovvero Calabria e Sardegna, oltre alla Sicilia. Assume cinque anni pi\u00f9 tardi (1996) l&#8217;incarico di Responsabile Commerciale dell&#8217;intero territorio siciliano dirigendone il business, che include stabilire l&#8217;offerta commerciale, individuare i clienti TOP, gestire i contratti quadro e supervisionare fatturato netto e prospect, capitanando un team di dieci persone. L&#8217;organico gestito da <strong>Dario Mirri<\/strong>, a partire dal 2000, di professionisti ne include settanta, portandolo ad assumere il ruolo di Direttore Generale e Membro del Consiglio di Amministrazione. Nella sua nuova veste si adopera, tra le altre iniziative, per l&#8217;apertura di un ufficio a Milano, da cui relazionarsi con centri media e clienti dislocati sull&#8217;intero territorio nazionale.<\/p>\n","protected":false},"excerpt":{"rendered":"<p>I valori enogastronomici del territorio siciliano vengono recuperati e custoditi da Dario Mirri nel progetto in realizzazione a Palermo: Mercato Sanlorenzo rivisita la natura del mercato locale, innestandola con un pi\u00f9 moderno concetto di centro commerciale. Il progetto enogastronomico di Dario Mirri Palermo ospiter\u00e0 a breve un nuovo progetto rivolto al culto del sapore territoriale [&hellip;]<\/p>\n","protected":false},"author":40,"featured_media":0,"comment_status":"open","ping_status":"open","sticky":false,"template":"","format":"standard","meta":{"footnotes":""},"categories":[29],"tags":[],"class_list":["post-5414","post","type-post","status-publish","format-standard","hentry","category-comunicati"],"_links":{"self":[{"href":"https:\/\/www.area-press.eu\/comunicatistampa\/wp-json\/wp\/v2\/posts\/5414","targetHints":{"allow":["GET"]}}],"collection":[{"href":"https:\/\/www.area-press.eu\/comunicatistampa\/wp-json\/wp\/v2\/posts"}],"about":[{"href":"https:\/\/www.area-press.eu\/comunicatistampa\/wp-json\/wp\/v2\/types\/post"}],"author":[{"embeddable":true,"href":"https:\/\/www.area-press.eu\/comunicatistampa\/wp-json\/wp\/v2\/users\/40"}],"replies":[{"embeddable":true,"href":"https:\/\/www.area-press.eu\/comunicatistampa\/wp-json\/wp\/v2\/comments?post=5414"}],"version-history":[{"count":1,"href":"https:\/\/www.area-press.eu\/comunicatistampa\/wp-json\/wp\/v2\/posts\/5414\/revisions"}],"predecessor-version":[{"id":5415,"href":"https:\/\/www.area-press.eu\/comunicatistampa\/wp-json\/wp\/v2\/posts\/5414\/revisions\/5415"}],"wp:attachment":[{"href":"https:\/\/www.area-press.eu\/comunicatistampa\/wp-json\/wp\/v2\/media?parent=5414"}],"wp:term":[{"taxonomy":"category","embeddable":true,"href":"https:\/\/www.area-press.eu\/comunicatistampa\/wp-json\/wp\/v2\/categories?post=5414"},{"taxonomy":"post_tag","embeddable":true,"href":"https:\/\/www.area-press.eu\/comunicatistampa\/wp-json\/wp\/v2\/tags?post=5414"}],"curies":[{"name":"wp","href":"https:\/\/api.w.org\/{rel}","templated":true}]}}