{"id":54135,"date":"2020-10-14T13:21:34","date_gmt":"2020-10-14T11:21:34","guid":{"rendered":"https:\/\/www.area-press.eu\/comunicatistampa\/?p=54135"},"modified":"2020-10-14T13:21:34","modified_gmt":"2020-10-14T11:21:34","slug":"le-jardin-des-delices","status":"publish","type":"post","link":"https:\/\/www.area-press.eu\/comunicatistampa\/2020\/10\/14\/le-jardin-des-delices\/","title":{"rendered":"\u201cLe Jardin des D\u00e9lices\u201d"},"content":{"rendered":"<p style=\"text-align: center\"><strong><i>BCM Records presenta l\u2019album di The Averige Ensamble<\/i><\/strong><\/p>\n<p><img decoding=\"async\" class=\"aligncenter\" src=\"https:\/\/www.joyfreepress.com\/wp-content\/uploads\/2020\/10\/Foto-di-Le-Jardin-des-D\u00e9lices-.jpg\" alt=\"\" \/><\/p>\n<p>\u201c<b>Le Jardin des D\u00e9lices<\/b>\u201d del musicista, compositore e autore\u00a0<b>Matteo Iacoviello (\u201cIaco\u201d)<\/b>, la mente dietro al progetto \u201c<b>The Averige Ensamble<\/b>\u201d,\u00a0\u00a0<b>uscito il 9 Ottobre<\/b>, \u00e8 un album\/opera con un insieme di sonorit\u00e0 che ci trascinano in una sorta di viaggio esperenziale portandoci in un\u2019altra dimensione, trasformata in realt\u00e0 dalle note, ispirate all\u2019opera\u00a0<i>\u201cIl Giardino delle Delizie\u201d<\/i>\u00a0del pittore olandese Bosch. Il trittico \u00e8 un\u2019opera complessa colma di citazioni, allegorie religiose e figure ambigue.\u00a0L&#8217;opera ha avuto diverse interpretazioni che hanno diviso gli esperti tra chi crede ad un\u00a0<i>insegnamento morale per l\u2019uomo<\/i>\u00a0e chi lo considera una\u00a0<i>visione della dottrina cristiana del medioevo<\/i>.<\/p>\n<p>Come afferma\u00a0<b>Carlotta Fatone,\u00a0<\/b>autrice del Manifesto Intellettuale dell\u2019Opera,\u00a0<b>Iaco trasferisce tutto questo \u201ctumulto visivo\u201d in musica<\/b>,\u00a0come una tavola di\u00a0<i>\u201crime sparse\u201d<\/i>,\u00a0\u00a0con un percorso nel quale le sonorit\u00e0 esplorano tutti gli ambiti melodici, trovando nell\u2019opera pittorica i suggerimenti per la partitura dei contenuti. Si ripercorre in musica la vicenda dell\u2019Uomo, una parabola dell\u2019esistenza di ogni singolo essere umano.<\/p>\n<p>Si inizia con\u00a0<b>Le Dieu Seul<\/b>: la Creazione nasce dal Solo Dio, in un principio senza tempo, unica voce in un silenzio immenso. Nel Nulla la voce \u00e8 rappresentata dal pianoforte, che esprime il senso del soliloquio infinito di Dio. Dopo si arriva a\u00a0<b>La Creation Du Monde\u00a0\u00a0&#8211;\u00a0 Eden<\/b>. Qui si parte facendo riferimento alla parte chiusa delle tavole del trittico, dove \u00e8 espressa in latino la decisione del Solo Dio di procedere alla Creazione. Il trittico dispiega le sua tavole aprendosi alla Luce, una lenta e dolce melodia accompagna lo svolgersi della contemplazione del Paradiso. Poco dopo il ritmo diventa tumultuoso ed agitato come a descrivere l\u2019ingresso del Male che si introduce ovunque nell\u2019Eden, in un perenne scontro con il Bene. Si procede con il brano\u00a0<b>Eve<\/b>: Dio cre\u00f2 la donna, e le diede bellezza, leggiadria, dolcezza. I veloci voli sulla tastiera del pianoforte esprimono le caratteristiche della prima donna, Eva, che nel dipinto di \u00a0Bosch\u00a0sembra levitare dalla terra. \u00a0<b>La Vie Sur Terre\u00a0<\/b>\u00e8 il brano in cui<b>\u00a0<\/b>ripetitivit\u00e0 e variazione esprimono il contrasto ed il frenetico movimento della vita. Il sottofondo musicale, con improvvise aperture di ritmi, ossessivi ed incalzanti, esprime il mutamento continuo. La vita \u00e8 movimento, ma nel suo fluire, nulla \u00e8 dato per scontato, tutto si sperimenta e si vive, razionalmente ed emotivamente. Si passa a\u00a0<b>Le Jardin des D\u00e9lices:\u00a0\u00a0<\/b>una melodia delicata, quasi da minuetto, apre il sipario ritmico sulla pienezza della vita, simboleggiata dal giardino, che si popola di situazioni ed emozioni che costituiscono l\u2019essenza della vita. L\u2019osservatore attento coglie per\u00f2 anche aspetti di ambiguit\u00e0 e perdizione ed \u00e8 qui che la melodia evoca questa metamorfosi: si irrigidisce, assume una ritmica spigolosa, non pi\u00f9 fluida e dolce. Sono le sfumature della vita che come un fiume scorre a tratti con dolcezza, a tratti impetuoso, specchio del dualismo controverso della nostra esistenza.\u00a0<b>Paradis Perdu\u00a0<\/b>prova a raccontare un Eden sfuggente, quell\u2019aspetto della vita dell\u2019Uomo fatto di addii, distacchi, devastazioni, problematiche. La melodia qui si fa struggente, si avvolge su se stessa per poi aprirsi nuovamente, con una sinfonia di suoni che esprimono il dramma dell\u2019Uomo diviso tra lo Spirito e la dimensione terrena.\u00a0<b>Enfer\u00a0 Musical\u00a0<\/b>viene introdotto da un<b>\u00a0<\/b>metronomo, quasi come un\u2019attesa dell\u2019accordo dei vari strumenti. Invece irrompono suoni violenti, cupi, ripetitivi, assordanti. L\u2019assenza\u00a0 dell\u2019armonia che non pu\u00f2 esistere nell\u2019Inferno, una sorta di resa dei conti della nostra esistenza. Il brano\u00a0<b>Le Monde Est Fable\u00a0<\/b>conclude l\u2019album. L\u2019intreccio di sonorit\u00e0, i ritmi incalzanti e poi una melodia dolce subito \u201crisucchiata nel vortice\u201d, ci accompagnano nel finale, come a rimarcare una visione d\u2019insieme sulla grande tavola della Vita, dove ogni Uomo ha il \u201csuo racconto\u201d, la sua Fabula.<\/p>\n<p>Nell\u2019album \u201c<b>Le Jardin des D\u00e9lices<\/b>\u201d, cos\u00ec come nell\u2019opera pittorica di Bosch,\u00a0ognuno di noi trover\u00e0 nel proprio \u201cintimo\u201d la giusta interpretazione, lasciando che siano la coscienza e la\u00a0<b>musica, arte libera e che libera<\/b>, a tracciarne la narrazione.<\/p>\n<p>Link<br \/>\n<a href=\"https:\/\/backl.ink\/143147948\">https:\/\/backl.ink\/143147948<\/a><\/p>\n<p><b>Isabel Zolli Promotion Agency<br \/>\n<\/b>Sede Operativa: via Simone De Saint Bon 47 \u2013 Roma<\/p>\n","protected":false},"excerpt":{"rendered":"<p>BCM Records presenta l\u2019album di The Averige Ensamble \u201cLe Jardin des D\u00e9lices\u201d del musicista, compositore e autore\u00a0Matteo Iacoviello (\u201cIaco\u201d), la mente dietro al progetto \u201cThe Averige Ensamble\u201d,\u00a0\u00a0uscito il 9 Ottobre, \u00e8 un album\/opera con un insieme di sonorit\u00e0 che ci trascinano in una sorta di viaggio esperenziale portandoci in un\u2019altra dimensione, trasformata in realt\u00e0 dalle [&hellip;]<\/p>\n","protected":false},"author":331,"featured_media":0,"comment_status":"open","ping_status":"open","sticky":false,"template":"","format":"standard","meta":{"footnotes":""},"categories":[12],"tags":[28368,28369,723],"class_list":["post-54135","post","type-post","status-publish","format-standard","hentry","category-musica","tag-bcm-records","tag-le-jardin-des-delices","tag-news"],"_links":{"self":[{"href":"https:\/\/www.area-press.eu\/comunicatistampa\/wp-json\/wp\/v2\/posts\/54135","targetHints":{"allow":["GET"]}}],"collection":[{"href":"https:\/\/www.area-press.eu\/comunicatistampa\/wp-json\/wp\/v2\/posts"}],"about":[{"href":"https:\/\/www.area-press.eu\/comunicatistampa\/wp-json\/wp\/v2\/types\/post"}],"author":[{"embeddable":true,"href":"https:\/\/www.area-press.eu\/comunicatistampa\/wp-json\/wp\/v2\/users\/331"}],"replies":[{"embeddable":true,"href":"https:\/\/www.area-press.eu\/comunicatistampa\/wp-json\/wp\/v2\/comments?post=54135"}],"version-history":[{"count":2,"href":"https:\/\/www.area-press.eu\/comunicatistampa\/wp-json\/wp\/v2\/posts\/54135\/revisions"}],"predecessor-version":[{"id":54138,"href":"https:\/\/www.area-press.eu\/comunicatistampa\/wp-json\/wp\/v2\/posts\/54135\/revisions\/54138"}],"wp:attachment":[{"href":"https:\/\/www.area-press.eu\/comunicatistampa\/wp-json\/wp\/v2\/media?parent=54135"}],"wp:term":[{"taxonomy":"category","embeddable":true,"href":"https:\/\/www.area-press.eu\/comunicatistampa\/wp-json\/wp\/v2\/categories?post=54135"},{"taxonomy":"post_tag","embeddable":true,"href":"https:\/\/www.area-press.eu\/comunicatistampa\/wp-json\/wp\/v2\/tags?post=54135"}],"curies":[{"name":"wp","href":"https:\/\/api.w.org\/{rel}","templated":true}]}}