{"id":54124,"date":"2020-10-13T11:57:22","date_gmt":"2020-10-13T09:57:22","guid":{"rendered":"https:\/\/www.area-press.eu\/comunicatistampa\/?p=54124"},"modified":"2020-10-13T11:57:22","modified_gmt":"2020-10-13T09:57:22","slug":"electric-mobility-for-you-levento-renord-per-svelare-la-nuova-gamma-elettrica-e-ibrida-renault","status":"publish","type":"post","link":"https:\/\/www.area-press.eu\/comunicatistampa\/2020\/10\/13\/electric-mobility-for-you-levento-renord-per-svelare-la-nuova-gamma-elettrica-e-ibrida-renault\/","title":{"rendered":"Electric Mobility For You: l&#8217;evento Renord per svelare la nuova gamma elettrica e ibrida Renault"},"content":{"rendered":"<p style=\"text-align: center\"><i><span style=\"font-weight: 400\">La gamma elettrificata Renault \u00e8 stata presentata nel corso di un grande evento andato in scena nello showroom Renord di Sesto San Giovanni, venerd\u00ec 2 ottobre.<\/span><\/i><\/p>\n<p><b>Electric Mobility For You<\/b><span style=\"font-weight: 400\"> \u00e8 stato un evento unico. Dalla sede dello showroom <a href=\"https:\/\/www.renord.com\/\">Renord<\/a> di Sesto San Giovanni, infatti, \u00e8 stata svelata la gamma ibrida ed elettrica Renault alla presenza di volti di spicco come quelli del re della tecnologia <\/span><b>Andrea Galeazzi<\/b><span style=\"font-weight: 400\">, del mito dei manager <\/span><b>Germano Lanzoni<\/b><span style=\"font-weight: 400\"> e di <\/span><b>Olga<\/b><span style=\"font-weight: 400\"> la conduttrice di Discoradio.<\/span><\/p>\n<p><span style=\"font-weight: 400\">Le tre guest star hanno introdotto la nuova gamma ibrida ed elettrica Renault sia al pubblico presente in showroom che a quello collegato in diretta sulla piattaforma Renord e in streaming sulla pagina Facebook.<\/span><\/p>\n<p><span style=\"font-weight: 400\">Durante la serata sono state presentate la nuova <\/span><b>Renault Clio Full Hybrid<\/b><span style=\"font-weight: 400\">, l\u2019utilitaria giunta alla quinta generazione e adesso dotata di una nuova motorizzazione ibrida ideale per gli spostamenti cittadini, la nuova <\/span><b>Renault Captur plug-in Hybrid<\/b><span style=\"font-weight: 400\">, il crossover in grado di percorrere sino a 65 Km in modalit\u00e0 100% elettrica, la <\/span><b>Renault Megane plug-in Hybrid<\/b><span style=\"font-weight: 400\">, la cui tecnologia la rende la scelta ideale per le flotte, e le due regine del settore a zero emissioni, la<\/span><b> Renault Zoe<\/b><span style=\"font-weight: 400\"> e la nuovissima <\/span><b>Renault Twingo Electric<\/b><span style=\"font-weight: 400\">.<\/span><\/p>\n<p><span style=\"font-weight: 400\">Oltre alla presenza dei tre ospiti di spicco, all\u2019evento Electric Mobility For You di Renord hanno partecipato anche gli esperti della concessionaria e questo ha consentito non solo di svelare e ammirare le novit\u00e0 della gamma ibrida ed elettrica Renault, ma anche di capire ed approfondire alcuni aspetti legati all\u2019elettrificazione del mondo automotive.<\/span><\/p>\n<p><span style=\"font-weight: 400\">Sono stati molti gli argomenti trattati nel corso della serata. Si \u00e8 parlato di batterie e delle differenti tipologie di ricarica, domestica o da colonnina, per poi analizzare le differenze tra le tecnologie mild hybrid, plug-in hybrid e full hybrid.<\/span><\/p>\n<p><span style=\"font-weight: 400\">Grande attenzione \u00e8 stata poi posta alla spiegazione degli ADAS, i sistemi di assistenza alla guida ormai irrinunciabili e presenti in numero sempre maggiore sulle moderne vetture.<\/span><\/p>\n<p><span style=\"font-weight: 400\">Nel corso dell\u2019evento, infine, gli esperti Renord hanno anche soddisfatto le curiosit\u00e0 del pubblico fornendo spiegazioni dettagliate non solo di carattere tecnico ma anche commerciale.<\/span><\/p>\n","protected":false},"excerpt":{"rendered":"<p>La gamma elettrificata Renault \u00e8 stata presentata nel corso di un grande evento andato in scena nello showroom Renord di Sesto San Giovanni, venerd\u00ec 2 ottobre. Electric Mobility For You \u00e8 stato un evento unico. Dalla sede dello showroom Renord di Sesto San Giovanni, infatti, \u00e8 stata svelata la gamma ibrida ed elettrica Renault alla [&hellip;]<\/p>\n","protected":false},"author":4517,"featured_media":0,"comment_status":"open","ping_status":"open","sticky":false,"template":"","format":"standard","meta":{"footnotes":""},"categories":[5,29],"tags":[],"class_list":["post-54124","post","type-post","status-publish","format-standard","hentry","category-aziendali","category-comunicati"],"_links":{"self":[{"href":"https:\/\/www.area-press.eu\/comunicatistampa\/wp-json\/wp\/v2\/posts\/54124","targetHints":{"allow":["GET"]}}],"collection":[{"href":"https:\/\/www.area-press.eu\/comunicatistampa\/wp-json\/wp\/v2\/posts"}],"about":[{"href":"https:\/\/www.area-press.eu\/comunicatistampa\/wp-json\/wp\/v2\/types\/post"}],"author":[{"embeddable":true,"href":"https:\/\/www.area-press.eu\/comunicatistampa\/wp-json\/wp\/v2\/users\/4517"}],"replies":[{"embeddable":true,"href":"https:\/\/www.area-press.eu\/comunicatistampa\/wp-json\/wp\/v2\/comments?post=54124"}],"version-history":[{"count":2,"href":"https:\/\/www.area-press.eu\/comunicatistampa\/wp-json\/wp\/v2\/posts\/54124\/revisions"}],"predecessor-version":[{"id":54126,"href":"https:\/\/www.area-press.eu\/comunicatistampa\/wp-json\/wp\/v2\/posts\/54124\/revisions\/54126"}],"wp:attachment":[{"href":"https:\/\/www.area-press.eu\/comunicatistampa\/wp-json\/wp\/v2\/media?parent=54124"}],"wp:term":[{"taxonomy":"category","embeddable":true,"href":"https:\/\/www.area-press.eu\/comunicatistampa\/wp-json\/wp\/v2\/categories?post=54124"},{"taxonomy":"post_tag","embeddable":true,"href":"https:\/\/www.area-press.eu\/comunicatistampa\/wp-json\/wp\/v2\/tags?post=54124"}],"curies":[{"name":"wp","href":"https:\/\/api.w.org\/{rel}","templated":true}]}}