{"id":5408,"date":"2016-01-20T17:53:17","date_gmt":"2016-01-20T16:53:17","guid":{"rendered":"http:\/\/www.area-press.eu\/comunicatistampa\/?p=5408"},"modified":"2016-01-20T17:53:17","modified_gmt":"2016-01-20T16:53:17","slug":"a-tre-mesi-dal-cebit-2016-cogefim-srl-rilascia-alcune-importanti-recensioni","status":"publish","type":"post","link":"https:\/\/www.area-press.eu\/comunicatistampa\/2016\/01\/20\/a-tre-mesi-dal-cebit-2016-cogefim-srl-rilascia-alcune-importanti-recensioni\/","title":{"rendered":"A tre mesi dal CeBIT 2016, Cogefim Srl rilascia alcune importanti recensioni"},"content":{"rendered":"<p><em><strong>Mancano poco pi\u00f9 di tre mesi al salone leader mondiale del business digitale, il CeBIT 2016, che offrir\u00e0 dal 14 al 18 marzo una panoramica completa delle possibilit\u00e0 e delle sfide della digitalizzazione per aziende e istituzioni, con spazi espositivi dedicati all&#8217;utenza e dibattiti su temi legati allo sviluppo.<\/strong><\/em><\/p>\n<p><a title=\"Recensioni Cogefim\" href=\"http:\/\/www.corpg.it\/aziende\/cogefim-s-r-l\/\"><img loading=\"lazy\" decoding=\"async\" src=\"http:\/\/www.corpg.it\/wp-content\/uploads\/2014\/10\/cogefim.jpg\" alt=\"Cogefim Recensioni\" width=\"169\" height=\"169\" \/><\/a><\/p>\n<h2>Attesa per l&#8217;edizione 2016 del CeBIT di Hannover: le recensioni di Cogefim Srl<\/h2>\n<p>Si \u00e8 tenuta il 25 novembre la conferenza stampa di presentazione di CeBIT 201, che si terr\u00e0 a marzo nella citt\u00e0 di Hannover, in Germania. L&#8217;appuntamento rappresenta un&#8217;occasione importante per tutti gli interessati, privati, aziende o istituzioni, al mondo dei servizi digitali. Secondo uno studio della societ\u00e0 di consulenza Roland-Berger, solo un&#8217;azienda su due ha preso seriamente in considerazione le implicazioni della digitalizzazione per il proprio modello di business, mentre circa due terzi delle aziende ammettono di avere una scarsa preparazione sul tema. Main slogan del salone mondiale sar\u00e0 &#8220;d!conomy: join &#8211; create &#8211; succeed&#8221;, scelto dagli organizzatori per descrivere un processo che sta investendo molti attori decisionali del panorama mondiale, indipendentemente dall&#8217;appartenenza settoriale e in ogni singola fase della trasformazione digitale. Come detto, interlocutori naturali degli spazi espositivi e dei dibattiti in programma non saranno esclusivamente le aziende, ma anche e soprattutto i settori pi\u00f9 diversi di pubblica amministrazione, politica e industria, interessati ai vantaggi offerti dalla digitalizzazione e dalla trasformazione tecnologica connessa al processo di innovazione. Ampio spazio verr\u00e0 dedicato ai temi pi\u00f9 importanti connessi ai nuovi sviluppi digitali, con incontri che consentiranno di abbracciare nuove visioni e nuovi concetti proposti da importanti leader dell&#8217;industria.<\/p>\n<h2>Cogefim Srl e il settore della digitalizzazione: le recensioni al tre mesi dal CeBIT 2016<\/h2>\n<p><a title=\"Cogefim - Recensioni \" href=\"http:\/\/www.corpg.it\/aziende\/cogefim-s-r-l\/\"><strong>Cogefim S.r.l<\/strong>,<\/a> societ\u00e0 di intermediazione attiva nell&#8217;ambito commerciale e industriale per la mediazione e fornitura di consulenza su azioni di compravendita, cessioni, promozioni di vendite immobiliari e posizionamento sul mercato, seguir\u00e0 con interesse l&#8217;evento di Hannover programmato per marzo, in virt\u00f9 del sempre pi\u00f9 alto numero di aziende che stanno investendo nell&#8217;innovazione e nei servizi di digitalizzazione. Sono infatti nove le divisioni specializzate che compongono la societ\u00e0, che da sempre presta molta attenzione alle caratteristiche peculiari di ogni settore industriale interessato dalle pratiche aperte dai propri clienti. L&#8217;attenzione dedicata ai molti ambiti del mercato permette, infatti, di operare al meglio su promozioni, tempistiche e guadagno dalla mediazione. Dopo una prima valutazione dettagliata del bene sottoposto a negoziazione, viene proposto al cliente un piano di azione adeguato che tenga conto delle reali condizioni di mercato, sollevandolo sin dal principio da ogni incombenza pratica e amministrativa. Il potenziale partner o acquirente, dovr\u00e0 dimostrare un concreto interesse sulla trattativa, comprovando la propria reputazione e la reale disponibilit\u00e0 economica. Tra i settori di mercato in espansione un posto di rilievo \u00e8 ricoperto senza dubbio dalla digitalizzazione e dai servizi di sviluppo offerti dal settore, che verranno trattati da <a title=\"Recensioni Cogefim\" href=\"http:\/\/www.corpg.it\/aziende\/cogefim-s-r-l\/\"><strong>Cogefim Srl<\/strong> <\/a>con alcune <strong>recensioni<\/strong>.<\/p>\n","protected":false},"excerpt":{"rendered":"<p>Mancano poco pi\u00f9 di tre mesi al salone leader mondiale del business digitale, il CeBIT 2016, che offrir\u00e0 dal 14 al 18 marzo una panoramica completa delle possibilit\u00e0 e delle sfide della digitalizzazione per aziende e istituzioni, con spazi espositivi dedicati all&#8217;utenza e dibattiti su temi legati allo sviluppo. Attesa per l&#8217;edizione 2016 del CeBIT [&hellip;]<\/p>\n","protected":false},"author":40,"featured_media":0,"comment_status":"open","ping_status":"open","sticky":false,"template":"","format":"standard","meta":{"footnotes":""},"categories":[29],"tags":[],"class_list":["post-5408","post","type-post","status-publish","format-standard","hentry","category-comunicati"],"_links":{"self":[{"href":"https:\/\/www.area-press.eu\/comunicatistampa\/wp-json\/wp\/v2\/posts\/5408","targetHints":{"allow":["GET"]}}],"collection":[{"href":"https:\/\/www.area-press.eu\/comunicatistampa\/wp-json\/wp\/v2\/posts"}],"about":[{"href":"https:\/\/www.area-press.eu\/comunicatistampa\/wp-json\/wp\/v2\/types\/post"}],"author":[{"embeddable":true,"href":"https:\/\/www.area-press.eu\/comunicatistampa\/wp-json\/wp\/v2\/users\/40"}],"replies":[{"embeddable":true,"href":"https:\/\/www.area-press.eu\/comunicatistampa\/wp-json\/wp\/v2\/comments?post=5408"}],"version-history":[{"count":1,"href":"https:\/\/www.area-press.eu\/comunicatistampa\/wp-json\/wp\/v2\/posts\/5408\/revisions"}],"predecessor-version":[{"id":5409,"href":"https:\/\/www.area-press.eu\/comunicatistampa\/wp-json\/wp\/v2\/posts\/5408\/revisions\/5409"}],"wp:attachment":[{"href":"https:\/\/www.area-press.eu\/comunicatistampa\/wp-json\/wp\/v2\/media?parent=5408"}],"wp:term":[{"taxonomy":"category","embeddable":true,"href":"https:\/\/www.area-press.eu\/comunicatistampa\/wp-json\/wp\/v2\/categories?post=5408"},{"taxonomy":"post_tag","embeddable":true,"href":"https:\/\/www.area-press.eu\/comunicatistampa\/wp-json\/wp\/v2\/tags?post=5408"}],"curies":[{"name":"wp","href":"https:\/\/api.w.org\/{rel}","templated":true}]}}