{"id":53985,"date":"2020-10-08T03:50:12","date_gmt":"2020-10-08T01:50:12","guid":{"rendered":"https:\/\/www.area-press.eu\/comunicatistampa\/?p=53985"},"modified":"2020-10-08T03:50:12","modified_gmt":"2020-10-08T01:50:12","slug":"sgarbi-spoleto-arte-contro-la-paura","status":"publish","type":"post","link":"https:\/\/www.area-press.eu\/comunicatistampa\/2020\/10\/08\/sgarbi-spoleto-arte-contro-la-paura\/","title":{"rendered":"Sgarbi: \u201cSpoleto Arte contro la paura\u201d"},"content":{"rendered":"<p>Appuntamento immancabile quello della mostra internazionale <strong>Spoleto Arte <\/strong>a cura di <strong>Vittorio Sgarbi, <\/strong>che anche quest\u2019anno torna in tutta la sua grandezza.<\/p>\n<p>La kermesse infatti aprir\u00e0 a Spoleto il <strong>18 ottobre alla Terrazza Frau<\/strong> (via del Seminario, 8), storico palazzo nel cuore della citt\u00e0, a fianco al Duomo di Spoleto, nonch\u00e9 sede di registrazione della famosa serie televisiva Don Matteo.<\/p>\n<p>Ideata e organizzata dal curatore di mostre e grandi eventi <strong>Salvo Nugnes<\/strong>, l\u2019esposizione porta i contributi di numerose personalit\u00e0 del mondo della cultura e dello spettacolo. Tra queste si citano il sociologo di fama mondiale <strong>Francesco Alberoni<\/strong>, la scrittrice, psicologa e psicoterapeuta <strong>Maria Rita Parsi<\/strong>, <strong>Silvana Giacobini<\/strong>, gi\u00e0 direttrice di <em>Chi <\/em>e <em>Diva e Donna<\/em>, <strong>Jos\u00e8 Dal\u00ec<\/strong>, artista e figlio di Salvador Dal\u00ec, <strong>Roberto Villa<\/strong>, fotografo internazionale, <strong>Flavia Sagnelli<\/strong>, curatrice d\u2019arte, <strong>Patrick Ray Pugliese<\/strong>, del GF vip, <strong>Cristina Cattaneo<\/strong>, giornalista e psicologa e molti altri.<\/p>\n<p>Il Prof. Vittorio Sgarbi spiega cos\u00ec l\u2019intento della manifestazione: \u201cla contemporaneit\u00e0 \u00e8 un concetto molto importante, vuol dire capire quello che sta accadendo e a Spoleto tenteremo di farlo [\u2026] attraverso una scelta che io stesso continuer\u00f2 a fare di artisti attivi, contemporanei, giovani ma anche storici e con la collaborazione di un antico amico che \u00e8 Salvo Nugnes, che si \u00e8 mosso per sostenere l\u2019arte di coloro che non hanno pi\u00f9 trovato spazi per esporre.\u201d<\/p>\n<p>La mostra rimarr\u00e0 aperta dal 19 ottobre al 1\u00b0 novembre, tutti i giorni dalle 10 alle 18.30 ad ingresso libero<\/p>\n","protected":false},"excerpt":{"rendered":"<p>Appuntamento immancabile quello della mostra internazionale Spoleto Arte a cura di Vittorio Sgarbi, che anche quest\u2019anno torna in tutta la sua grandezza. La kermesse infatti aprir\u00e0 a Spoleto il 18 ottobre alla Terrazza Frau (via del Seminario, 8), storico palazzo nel cuore della citt\u00e0, a fianco al Duomo di Spoleto, nonch\u00e9 sede di registrazione della [&hellip;]<\/p>\n","protected":false},"author":3367,"featured_media":0,"comment_status":"open","ping_status":"open","sticky":false,"template":"","format":"standard","meta":{"footnotes":""},"categories":[3],"tags":[],"class_list":["post-53985","post","type-post","status-publish","format-standard","hentry","category-arte-e-cultura"],"_links":{"self":[{"href":"https:\/\/www.area-press.eu\/comunicatistampa\/wp-json\/wp\/v2\/posts\/53985","targetHints":{"allow":["GET"]}}],"collection":[{"href":"https:\/\/www.area-press.eu\/comunicatistampa\/wp-json\/wp\/v2\/posts"}],"about":[{"href":"https:\/\/www.area-press.eu\/comunicatistampa\/wp-json\/wp\/v2\/types\/post"}],"author":[{"embeddable":true,"href":"https:\/\/www.area-press.eu\/comunicatistampa\/wp-json\/wp\/v2\/users\/3367"}],"replies":[{"embeddable":true,"href":"https:\/\/www.area-press.eu\/comunicatistampa\/wp-json\/wp\/v2\/comments?post=53985"}],"version-history":[{"count":1,"href":"https:\/\/www.area-press.eu\/comunicatistampa\/wp-json\/wp\/v2\/posts\/53985\/revisions"}],"predecessor-version":[{"id":53986,"href":"https:\/\/www.area-press.eu\/comunicatistampa\/wp-json\/wp\/v2\/posts\/53985\/revisions\/53986"}],"wp:attachment":[{"href":"https:\/\/www.area-press.eu\/comunicatistampa\/wp-json\/wp\/v2\/media?parent=53985"}],"wp:term":[{"taxonomy":"category","embeddable":true,"href":"https:\/\/www.area-press.eu\/comunicatistampa\/wp-json\/wp\/v2\/categories?post=53985"},{"taxonomy":"post_tag","embeddable":true,"href":"https:\/\/www.area-press.eu\/comunicatistampa\/wp-json\/wp\/v2\/tags?post=53985"}],"curies":[{"name":"wp","href":"https:\/\/api.w.org\/{rel}","templated":true}]}}