{"id":53900,"date":"2020-10-01T18:02:44","date_gmt":"2020-10-01T16:02:44","guid":{"rendered":"https:\/\/www.area-press.eu\/comunicatistampa\/?p=53900"},"modified":"2020-10-01T18:02:44","modified_gmt":"2020-10-01T16:02:44","slug":"nuova-edizione-del-premio-nazionale-donna-dellanno-ultimi-giorni-per-partecipare","status":"publish","type":"post","link":"https:\/\/www.area-press.eu\/comunicatistampa\/2020\/10\/01\/nuova-edizione-del-premio-nazionale-donna-dellanno-ultimi-giorni-per-partecipare\/","title":{"rendered":"NUOVA EDIZIONE DEL \u201cPREMIO NAZIONALE DONNA DELL\u2019ANNO\u201d, ULTIMI GIORNI PER PARTECIPARE"},"content":{"rendered":"<p><em>Sta per scadere il bando per partecipare alla terza edizione del premio \u201cDonna dell\u2019anno 2020\u201d indetto da Innovation Future School, che promuove, incentiva e sostiene personalit\u00e0 femminili che sono promotrici di iniziative con un\u2019importante ricaduta nell\u2019attuale contesto socio-economico. In palio un premio in denaro di 700 euro. Candidature entro il 4 ottobre.<\/em><\/p>\n<p>&nbsp;<\/p>\n<p>A tutte le donne che desiderano mettersi in gioco e dimostrare tutta la loro determinazione e spirito d\u2019iniziativa, Innovation Future School dedica il <strong>\u201cPremio Donna dell\u2019anno 2020\u201d.<\/strong> Giunto alla terza edizione, il premio nazionale intercetta ed esprime la richiesta di dare voce e raccontare storie di donne che con le loro iniziative ed attivit\u00e0, spesso non conosciute, possono ispirare altre donne per essere sempre pi\u00f9 protagoniste del nostro tempo. \u201cSiamo entusiasti del riscontro che stiamo ricevendo sia attraverso candidature spontanee sia da segnalazioni da parte di simpatizzanti \u2013 afferma Gianpaolo Pezzato, founder di Innovation Future School \u2013 ad oggi le candidature sono tantissime e arrivano da tutta Italia. Per questa nuova edizione, valuteremo con particolare attenzione le proposte che abbracciano il campo della ricerca, del sociale e dell\u2019economia\u201d.<\/p>\n<p><strong>Ci sono ancora pochi giorni per partecipare, il bando scade il 4 ottobre, a questo link il regolamento: www.premiodonna.it<\/strong><\/p>\n<p>\u201cDonna dell\u2019anno\u201d \u00e8 un\u2019iniziativa organizzata con il supporto di VOLKSBANK e con la collaborazione delle principali realt\u00e0 impegnate nella valorizzazione e sostegno in tutti i suoi ambiti del mondo femminile: la Consigliera Regionale di Parit\u00e0 del Veneto, la Consigliera di Parit\u00e0 per la provincia di Treviso, \u00a0LEI &#8211; Center for Women&#8217;s Leadership dell&#8217;Universit\u00e0 Ca&#8217; Foscari Venezia, il Gruppo Donne Imprenditrici di FIPE (Federazione Italiana dei Pubblici Esercizi), il MO.I.CA \u2013 Movimento Italiano Casalinghe, AIDDA \u2013 Associazione Imprenditrici e Donne Dirigenti D\u2019Azienda e l\u2019associazione Rete Al Femminile di Treviso.<\/p>\n<p>Tra tutte le candidature pervenute, la giuria selezioner\u00e0 le quindici personalit\u00e0 ritenute pi\u00f9 interessanti e saranno pubblicate poi nella pagina Facebook del premio per essere votate direttamente dal pubblico. Il nome della vincitrice sar\u00e0 comunicato nel corso della cerimonia di premiazione in programma per fine novembre nell\u2019ambito di una giornata dedicata ad una riflessione sul cambiamento dei ruoli della donna nella nostra societ\u00e0.<\/p>\n<p><strong>I premi.<\/strong> Alla prima classificata un premio in denaro di 700 euro da destinare a sostegno della causa o iniziativa per la quale \u00e8 stato riconosciuto il premio. A discrezione del Comitato Scientifico potranno essere inoltre assegnati riconoscimenti speciali alle finaliste ritenute particolarmente meritevoli.<\/p>\n<p>La scorsa edizione ad aggiudicarsi il riconoscimento di donna dell\u2019anno \u00e8 stata l&#8217;imprenditrice bassanese Lucia Cuman, la quale ha saputo rianimare il pensiero di Adriano Olivetti organizzando a Bassano del Grappa un evento dal titolo \u201cAdriano Olivetti e la Bellezza\u201d composto da una mostra, un concerto, un seminario, diverse lezioni olivettiane a studenti e insegnanti, le vetrine dei negozi del centro storico della citt\u00e0, coinvolgendo tutte le categorie economiche e riuscendo ad accendere l&#8217;interesse di quasi diecimila persone.<\/p>\n<p>&nbsp;<\/p>\n","protected":false},"excerpt":{"rendered":"<p>Sta per scadere il bando per partecipare alla terza edizione del premio \u201cDonna dell\u2019anno 2020\u201d indetto da Innovation Future School, che promuove, incentiva e sostiene personalit\u00e0 femminili che sono promotrici di iniziative con un\u2019importante ricaduta nell\u2019attuale contesto socio-economico. In palio un premio in denaro di 700 euro. Candidature entro il 4 ottobre. &nbsp; A tutte [&hellip;]<\/p>\n","protected":false},"author":5200,"featured_media":0,"comment_status":"open","ping_status":"open","sticky":false,"template":"","format":"standard","meta":{"footnotes":""},"categories":[4,8],"tags":[],"class_list":["post-53900","post","type-post","status-publish","format-standard","hentry","category-attualita-e-societa","category-eventi"],"_links":{"self":[{"href":"https:\/\/www.area-press.eu\/comunicatistampa\/wp-json\/wp\/v2\/posts\/53900","targetHints":{"allow":["GET"]}}],"collection":[{"href":"https:\/\/www.area-press.eu\/comunicatistampa\/wp-json\/wp\/v2\/posts"}],"about":[{"href":"https:\/\/www.area-press.eu\/comunicatistampa\/wp-json\/wp\/v2\/types\/post"}],"author":[{"embeddable":true,"href":"https:\/\/www.area-press.eu\/comunicatistampa\/wp-json\/wp\/v2\/users\/5200"}],"replies":[{"embeddable":true,"href":"https:\/\/www.area-press.eu\/comunicatistampa\/wp-json\/wp\/v2\/comments?post=53900"}],"version-history":[{"count":1,"href":"https:\/\/www.area-press.eu\/comunicatistampa\/wp-json\/wp\/v2\/posts\/53900\/revisions"}],"predecessor-version":[{"id":53902,"href":"https:\/\/www.area-press.eu\/comunicatistampa\/wp-json\/wp\/v2\/posts\/53900\/revisions\/53902"}],"wp:attachment":[{"href":"https:\/\/www.area-press.eu\/comunicatistampa\/wp-json\/wp\/v2\/media?parent=53900"}],"wp:term":[{"taxonomy":"category","embeddable":true,"href":"https:\/\/www.area-press.eu\/comunicatistampa\/wp-json\/wp\/v2\/categories?post=53900"},{"taxonomy":"post_tag","embeddable":true,"href":"https:\/\/www.area-press.eu\/comunicatistampa\/wp-json\/wp\/v2\/tags?post=53900"}],"curies":[{"name":"wp","href":"https:\/\/api.w.org\/{rel}","templated":true}]}}