{"id":5374,"date":"2016-01-20T00:17:30","date_gmt":"2016-01-19T23:17:30","guid":{"rendered":"http:\/\/www.area-press.eu\/comunicatistampa\/?p=5374"},"modified":"2016-01-20T00:17:30","modified_gmt":"2016-01-19T23:17:30","slug":"dacle-polska-sa-e-il-suo-presidente-paolo-campiglio","status":"publish","type":"post","link":"https:\/\/www.area-press.eu\/comunicatistampa\/2016\/01\/20\/dacle-polska-sa-e-il-suo-presidente-paolo-campiglio\/","title":{"rendered":"Dacl\u00e9 Polska SA e il suo presidente Paolo Campiglio"},"content":{"rendered":"<p><em><strong>La crescita professionale di <a title=\"Paolo Campiglio - Economia Oggi\" href=\"http:\/\/www.economiaoggi.it\/Paolo-Campiglio\/\">Paolo Campiglio<\/a> e l&#8217;espansione internazionale del Gruppo Dacl\u00e9: due percorsi paralleli che sfociano nella costituzione della sede polacca della societ\u00e0 farmaceutica.<\/strong><\/em><\/p>\n<p><a title=\"Paolo Campiglio - Economia Oggi\" href=\"http:\/\/www.economiaoggi.it\/Paolo-Campiglio\/\"><img loading=\"lazy\" decoding=\"async\" src=\"http:\/\/www.h2biz.eu\/public\/min_11762-i-profilo%20istituzionale.jpg\" alt=\"Paolo Campiglio, presidente di Dacl\u00e9 Polska SA\" width=\"333\" height=\"213\" \/><\/a><\/p>\n<h2>La crescita del Gruppo Dacl\u00e9: societ\u00e0 polacca diretta da Paolo Campiglio<\/h2>\n<p>Il Gruppo Dacl\u00e9 viene avviato a Legnano sul finire del XIX secolo. Ad avere l&#8217;idea \u00e8 Achille Campiglio, il quale otterr\u00e0 il titolo di Dottore solamente dopo il 1935, periodo in cui la carica accademica riceve il dovuto riconoscimento. Da qui nasce il nome della societ\u00e0: Dottor Achille Campiglio Legnano (DACL\u00c8). La crescita dell&#8217;attivit\u00e0 farmaceutica la porta a divenire prima Societ\u00e0 per Azioni, per poi estendere il proprio raggio d&#8217;azione coadiuvato dal contesto favorevole rappresentato dal boom economico, dato dalla terza rivoluzione industriale, e dalla conseguente impennata delle nascite. Un panorama all&#8217;interno del quale la ricerca scientifica e lo sviluppo delle tecnologie conoscono una parabola ascendente, favorendo perci\u00f2 anche il settore della produzione dei farmaci e dei prodotti chimici. Sempre attento all&#8217;evoluzione delle nuove esigenze che si presentano con il passare degli anni, il Gruppo Dacl\u00e9 assume numerose specializzazioni, come quelle relative ai cosmetici, ai prodotti per la cura della persona, oltre a rimedi erboristici e per scopi dietetici. La fortuna conosciuta dalla societ\u00e0 non si arresta, arrivando ad un&#8217;espansione territoriale al di fuori dei confini italiani. L&#8217;ultima delle sedi aperte in Europa \u00e8 Dacl\u00e9 Polska SA, distaccamento collocato in Polonia la cui presidenza \u00e8 stata affidata a uno degli eredi del Dottor Achille, <strong>Paolo Campiglio<\/strong>.<\/p>\n<h2>La vita professionale di Paolo Campiglio<\/h2>\n<p>Prima di assumere la carica di presidente di <strong>Dacl\u00e9 Polska SA<\/strong>, <strong>Paolo Campiglio<\/strong> frequenta a Pavia la Facolt\u00e0 di Farmacia, lavorando nel frattempo nell&#8217;attivit\u00e0 da lui fondata in societ\u00e0, che opera nella consulenza e nella fornitura di servizi rivolti a imprese italiane che intraprendono processi di internazionalizzazione. Sempre nel 1997 comincia il suo percorso pubblico, entrando a far parte del Consiglio Comunale della citt\u00e0 natale, Legnano, dove rimane per tre mandati: nel periodo che va fino al 2012 assume i ruoli di presidente della commissione lavori pubblici, a seguire quello di capogruppo di maggioranza e, in conclusione, quello di presidente del consiglio comunale. Si affaccia professionalmente al settore farmaceutico nel 2000 all&#8217;interno di Carmax &#8211; Pro S.r.l., attiva nella commercializzazione di presidi medico-chirurgici e di apparecchiature elettroniche, societ\u00e0 nella quale ricopre la carica di amministratore delegato. Nel 2003 entra a far parte del Gruppo Dacl\u00e9, dove viene nominato direttore commerciale, incaricato di alimentare i mercati gi\u00e0 esistenti e di attivarne di completamente nuovi: il suo lavoro si concentra sull&#8217;area dell&#8217;Europa Orientale, in particolare Polonia, Romania e Moldova, dei quali approfondisce particolarmente i meccanismi commerciali. Nel 2008, infatti, la Camera di Commercio Italo-Polacca gli conferisce la carica di vice presidente in virt\u00f9 delle sue competenze in materia di promozione di attivit\u00e0 commerciali italiane sul territorio polacco. Paolo Campiglio trasferisce la propria attivit\u00e0 in Polonia nel 2015, presso Dacl\u00e9 Polska SA.<\/p>\n<p><strong><em>Per avere maggiori dettagli sulle attivit\u00e0 di <a title=\"Paolo Campiglio - Economia Oggi\" href=\"http:\/\/www.economiaoggi.it\/Paolo-Campiglio\/\">Paolo Campiglio<\/a>, visita il portale Economia Oggi.<\/em><\/strong><\/p>\n","protected":false},"excerpt":{"rendered":"<p>La crescita professionale di Paolo Campiglio e l&#8217;espansione internazionale del Gruppo Dacl\u00e9: due percorsi paralleli che sfociano nella costituzione della sede polacca della societ\u00e0 farmaceutica. La crescita del Gruppo Dacl\u00e9: societ\u00e0 polacca diretta da Paolo Campiglio Il Gruppo Dacl\u00e9 viene avviato a Legnano sul finire del XIX secolo. Ad avere l&#8217;idea \u00e8 Achille Campiglio, il [&hellip;]<\/p>\n","protected":false},"author":40,"featured_media":0,"comment_status":"open","ping_status":"open","sticky":false,"template":"","format":"standard","meta":{"footnotes":""},"categories":[29],"tags":[],"class_list":["post-5374","post","type-post","status-publish","format-standard","hentry","category-comunicati"],"_links":{"self":[{"href":"https:\/\/www.area-press.eu\/comunicatistampa\/wp-json\/wp\/v2\/posts\/5374","targetHints":{"allow":["GET"]}}],"collection":[{"href":"https:\/\/www.area-press.eu\/comunicatistampa\/wp-json\/wp\/v2\/posts"}],"about":[{"href":"https:\/\/www.area-press.eu\/comunicatistampa\/wp-json\/wp\/v2\/types\/post"}],"author":[{"embeddable":true,"href":"https:\/\/www.area-press.eu\/comunicatistampa\/wp-json\/wp\/v2\/users\/40"}],"replies":[{"embeddable":true,"href":"https:\/\/www.area-press.eu\/comunicatistampa\/wp-json\/wp\/v2\/comments?post=5374"}],"version-history":[{"count":1,"href":"https:\/\/www.area-press.eu\/comunicatistampa\/wp-json\/wp\/v2\/posts\/5374\/revisions"}],"predecessor-version":[{"id":5375,"href":"https:\/\/www.area-press.eu\/comunicatistampa\/wp-json\/wp\/v2\/posts\/5374\/revisions\/5375"}],"wp:attachment":[{"href":"https:\/\/www.area-press.eu\/comunicatistampa\/wp-json\/wp\/v2\/media?parent=5374"}],"wp:term":[{"taxonomy":"category","embeddable":true,"href":"https:\/\/www.area-press.eu\/comunicatistampa\/wp-json\/wp\/v2\/categories?post=5374"},{"taxonomy":"post_tag","embeddable":true,"href":"https:\/\/www.area-press.eu\/comunicatistampa\/wp-json\/wp\/v2\/tags?post=5374"}],"curies":[{"name":"wp","href":"https:\/\/api.w.org\/{rel}","templated":true}]}}