{"id":53715,"date":"2020-09-25T09:53:05","date_gmt":"2020-09-25T07:53:05","guid":{"rendered":"https:\/\/www.area-press.eu\/comunicatistampa\/?p=53715"},"modified":"2020-09-25T09:53:05","modified_gmt":"2020-09-25T07:53:05","slug":"piante-forme-naturali-moda-del-xx-secolo","status":"publish","type":"post","link":"https:\/\/www.area-press.eu\/comunicatistampa\/2020\/09\/25\/piante-forme-naturali-moda-del-xx-secolo\/","title":{"rendered":"Piante, forme naturali, moda del XX secolo"},"content":{"rendered":"<p>Piante, forme naturali, moda del XX secolo, Art Deco, Erte, Madame Vionnet, Christian Dior, John Galliano\u00a0<a href=\"http:\/\/www.gillne.it\/abiti-da-sposa-c12\" data-ke-src=\"http:\/\/www.gillne.it\/abiti-da-sposa-c12\">immagini di abiti da sposa<\/a>, Alphonse Mucha.\u00a0&#8221;<\/p>\n<p>Queste foto sono state commissionate da e per Miss Bush Bridal nel Surrey, che ha in stock accessori Polly Edwards &#8230; Emma, proprietaria di dice &#8230;<br \/>\n<img decoding=\"async\" src=\"http:\/\/www.gillne.it\/i\/9ce2-2n398-abito-da-damigella-con-fiore-senza-maniche-senza-strap-corto-in-chiffon.jpg\" data-ke-src=\"http:\/\/www.gillne.it\/i\/9ce2-2n398-abito-da-damigella-con-fiore-senza-maniche-senza-strap-corto-in-chiffon.jpg\" \/>\u200b<\/p>\n<p>&#8221; Miss Bush Bridal Wear lavora per Polly Edwards da oltre quindici anni e io ho avuto da Polly Ho comprato il mio primo copricapo asimmetrico oltre dieci anni fa.<br \/>\n<img decoding=\"async\" src=\"http:\/\/www.gillne.it\/i\/9ce2-jrhdm-abito-da-sposa-moderno-in-pizzo-lupetto-tradizionale-sexy.jpg\" data-ke-src=\"http:\/\/www.gillne.it\/i\/9ce2-jrhdm-abito-da-sposa-moderno-in-pizzo-lupetto-tradizionale-sexy.jpg\" \/><\/p>\n<p>I loro pezzi unici, realizzati a mano nel Regno Unito, erano molto apprezzati dalle nostre spose.\u00a0Gran parte di ci\u00f2 \u00e8 dovuto alla volont\u00e0 di Polly di creare pezzi su misura sia per l&#8217;umore di noi personalmente che per le nostre spose.\u00a0In effetti, ho indossato il copricapo sull&#8217;ultima foto del post sulla favolosa serata di Annabel dell&#8217;estate scorsa.\u00a0&#8221;<\/p>\n<p>Queste immagini danno uno sguardo al mondo di Polly Edwards. Per saperne di pi\u00f9, visita il sito Web di Polly Edwards, dove puoi vedere una straordinaria collezione di diadema, copricapo, cinture, bracciali e orecchini, ecc.<\/p>\n<p><img decoding=\"async\" src=\"http:\/\/www.gillne.it\/i\/9ce2-9fq40-abito-da-sera-a-line-con-perline-monospalla-naturale-lunghi.jpg\" data-ke-src=\"http:\/\/www.gillne.it\/i\/9ce2-9fq40-abito-da-sera-a-line-con-perline-monospalla-naturale-lunghi.jpg\" \/><\/p>\n","protected":false},"excerpt":{"rendered":"<p>Piante, forme naturali, moda del XX secolo, Art Deco, Erte, Madame Vionnet, Christian Dior, John Galliano\u00a0immagini di abiti da sposa, Alphonse Mucha.\u00a0&#8221; Queste foto sono state commissionate da e per Miss Bush Bridal nel Surrey, che ha in stock accessori Polly Edwards &#8230; Emma, proprietaria di dice &#8230; \u200b &#8221; Miss Bush Bridal Wear lavora [&hellip;]<\/p>\n","protected":false},"author":4745,"featured_media":0,"comment_status":"open","ping_status":"open","sticky":false,"template":"","format":"standard","meta":{"footnotes":""},"categories":[29],"tags":[],"class_list":["post-53715","post","type-post","status-publish","format-standard","hentry","category-comunicati"],"_links":{"self":[{"href":"https:\/\/www.area-press.eu\/comunicatistampa\/wp-json\/wp\/v2\/posts\/53715","targetHints":{"allow":["GET"]}}],"collection":[{"href":"https:\/\/www.area-press.eu\/comunicatistampa\/wp-json\/wp\/v2\/posts"}],"about":[{"href":"https:\/\/www.area-press.eu\/comunicatistampa\/wp-json\/wp\/v2\/types\/post"}],"author":[{"embeddable":true,"href":"https:\/\/www.area-press.eu\/comunicatistampa\/wp-json\/wp\/v2\/users\/4745"}],"replies":[{"embeddable":true,"href":"https:\/\/www.area-press.eu\/comunicatistampa\/wp-json\/wp\/v2\/comments?post=53715"}],"version-history":[{"count":1,"href":"https:\/\/www.area-press.eu\/comunicatistampa\/wp-json\/wp\/v2\/posts\/53715\/revisions"}],"predecessor-version":[{"id":53717,"href":"https:\/\/www.area-press.eu\/comunicatistampa\/wp-json\/wp\/v2\/posts\/53715\/revisions\/53717"}],"wp:attachment":[{"href":"https:\/\/www.area-press.eu\/comunicatistampa\/wp-json\/wp\/v2\/media?parent=53715"}],"wp:term":[{"taxonomy":"category","embeddable":true,"href":"https:\/\/www.area-press.eu\/comunicatistampa\/wp-json\/wp\/v2\/categories?post=53715"},{"taxonomy":"post_tag","embeddable":true,"href":"https:\/\/www.area-press.eu\/comunicatistampa\/wp-json\/wp\/v2\/tags?post=53715"}],"curies":[{"name":"wp","href":"https:\/\/api.w.org\/{rel}","templated":true}]}}