{"id":536,"date":"2015-07-23T18:11:32","date_gmt":"2015-07-23T16:11:32","guid":{"rendered":"http:\/\/www.area-press.eu\/comunicatistampa\/?p=536"},"modified":"2015-07-23T18:11:32","modified_gmt":"2015-07-23T16:11:32","slug":"la-vecia-ferovia-a-quota-1200-iscritti-prime-conferme-da-parte-dei-big","status":"publish","type":"post","link":"https:\/\/www.area-press.eu\/comunicatistampa\/2015\/07\/23\/la-vecia-ferovia-a-quota-1200-iscritti-prime-conferme-da-parte-dei-big\/","title":{"rendered":"LA \u2018VECIA FEROVIA\u2019 A QUOTA 1200 ISCRITTI, PRIME CONFERME DA PARTE DEI BIG"},"content":{"rendered":"<p>Domenica 2 agosto 19.a edizione de \u2018La Vecia Ferovia dela Val de Fiemme\u2019<\/p>\n<p>Deho, Pallhuber, Longa, Casagrande e Zocca per la quarta di \u2018Trentino MTB\u2019<\/p>\n<p>1200 bikers prenotati per la gara di Molina di Fiemme<\/p>\n<p>Sorpresa \u2018musicale\u2019 sull\u2019ultimo strappetto<\/p>\n<p>&nbsp;<\/p>\n<p>&nbsp;<\/p>\n<p>Sui binari de \u2018La Vecia Ferovia dela Val de Fiemme\u2019 sono arrivate le prime conferme da parte degli atleti \u00e9lite e degli specialisti delle bike marathon. Johann Pallhuber \u00e8 il plurivittorioso della Vecia Ferovia, con ben quattro successi, e domenica 2 agosto cercher\u00e0 di ottenere il quinto sigillo sugli sterrati trentini, ma dovr\u00e0 guardarsi le spalle da un altro veterano che ha gi\u00e0 vinto due volte sul traguardo di Molina di Fiemme, Marzio Deho. Il bergamasco \u00e8 in testa alla categoria Open del circuito \u2018Trentino MTB presented by crankbrothers\u2019 e andr\u00e0 a caccia di punti preziosi sugli sterrati della Val di Fiemme visto che la \u2018Vecia Ferovia\u2019, quarta tappa della serie, \u00e8 valida come gara Jolly e i punteggi verranno maggiorati del 20%. Un&#8217;altra vecchia conoscenza della mountain bike come l\u2019ex stradista Francesco Casagrande ha gi\u00e0 confermato la propria presenza, e assieme a lui ci saranno altri \u00e9lite come il livignasco Mattia Longa e i giovani altoatesini Schmid, Felder e Gufler, senza dimenticare Master sempre protagonisti alle gare di Trentino MTB come Ivan Degasperi o Silvano Janes, primo alla \u2018Vecia Ferovia\u2019 1999.<\/p>\n<p>Per quanto riguarda la prova femminile, invece, i riflettori sono puntati su Lorena Zocca, leader del circuito, che dovr\u00e0 vedersela con le sue pi\u00f9 immediate inseguitrici in classifica: Chiara Mandelli e Lorenza Menapace. A una settimana dal via, la lista dei favoriti \u00e8 sicuramente destinata ad allungarsi e altri nomi si aggiungeranno a quelli gi\u00e0 citati e ai 1200 bikers che si sono gi\u00e0 prenotati per l\u2019appuntamento di domenica 2 agosto. Le iscrizioni, infatti, sono aperte sino a mercoled\u00ec 29 luglio e con il grande caldo di questi giorni una pedalata al fresco della Val di Fiemme rappresenta sicuramente un\u2019occasione da non perdere. Tutte le informazioni sulle modalit\u00e0 di registrazione e sui pacchetti turistici legati alla \u2018Vecia Ferovia\u2019 sono rintracciabili al sito <a href=\"http:\/\/www.laveciaferovia.it\/\">www.laveciaferovia.it<\/a>. Da quest\u2019anno, inoltre, la \u2018Vecia Ferovia\u2019 ha lanciato uno speciale contest dedicato ai team aziendali, dove amici e colleghi di lavoro potranno competere per aggiudicarsi una vacanza \u201call inclusive\u201d di 7 giorni in Calabria, cui si aggiungono altri premi in natura per le squadre meglio piazzate. Per partecipare basta compilare il modulo scaricabile dal sito ufficiale.<\/p>\n<p>Il percorso di gara, 40 km e circa 1000 metri di dislivello, scatta da Ora, in Alto Adige, e dopo aver attraversato ponti, vecchie stazioni e gallerie dell\u2019antico trenino della Val di Fiemme e superato salite come il tosto Muro della Pala si concluder\u00e0 nella pineta di Piazzol di Molina di Fiemme, in Trentino. Gli organizzatori della Polisportiva Molina di Fiemme hanno anche deciso di riservare una piacevole sorpresa musicale ai bikers che, sull\u2019ultimo strappo prima del traguardo, verranno accompagnati dalle note di un \u2018bandino\u2019 di strumentisti folk fiemmesi.<\/p>\n<p>Info: <a href=\"http:\/\/www.laveciaferovia.it\/\">www.laveciaferovia.it<\/a> e pagina Facebook \u2018La Vecia Ferovia\u2019.<\/p>\n","protected":false},"excerpt":{"rendered":"<p>Domenica 2 agosto 19.a edizione de \u2018La Vecia Ferovia dela Val de Fiemme\u2019 Deho, Pallhuber, Longa, Casagrande e Zocca per la quarta di \u2018Trentino MTB\u2019 1200 bikers prenotati per la gara di Molina di Fiemme Sorpresa \u2018musicale\u2019 sull\u2019ultimo strappetto &nbsp; &nbsp; Sui binari de \u2018La Vecia Ferovia dela Val de Fiemme\u2019 sono arrivate le prime [&hellip;]<\/p>\n","protected":false},"author":15,"featured_media":0,"comment_status":"open","ping_status":"open","sticky":false,"template":"","format":"standard","meta":{"footnotes":""},"categories":[15],"tags":[],"class_list":["post-536","post","type-post","status-publish","format-standard","hentry","category-sport"],"_links":{"self":[{"href":"https:\/\/www.area-press.eu\/comunicatistampa\/wp-json\/wp\/v2\/posts\/536","targetHints":{"allow":["GET"]}}],"collection":[{"href":"https:\/\/www.area-press.eu\/comunicatistampa\/wp-json\/wp\/v2\/posts"}],"about":[{"href":"https:\/\/www.area-press.eu\/comunicatistampa\/wp-json\/wp\/v2\/types\/post"}],"author":[{"embeddable":true,"href":"https:\/\/www.area-press.eu\/comunicatistampa\/wp-json\/wp\/v2\/users\/15"}],"replies":[{"embeddable":true,"href":"https:\/\/www.area-press.eu\/comunicatistampa\/wp-json\/wp\/v2\/comments?post=536"}],"version-history":[{"count":1,"href":"https:\/\/www.area-press.eu\/comunicatistampa\/wp-json\/wp\/v2\/posts\/536\/revisions"}],"predecessor-version":[{"id":537,"href":"https:\/\/www.area-press.eu\/comunicatistampa\/wp-json\/wp\/v2\/posts\/536\/revisions\/537"}],"wp:attachment":[{"href":"https:\/\/www.area-press.eu\/comunicatistampa\/wp-json\/wp\/v2\/media?parent=536"}],"wp:term":[{"taxonomy":"category","embeddable":true,"href":"https:\/\/www.area-press.eu\/comunicatistampa\/wp-json\/wp\/v2\/categories?post=536"},{"taxonomy":"post_tag","embeddable":true,"href":"https:\/\/www.area-press.eu\/comunicatistampa\/wp-json\/wp\/v2\/tags?post=536"}],"curies":[{"name":"wp","href":"https:\/\/api.w.org\/{rel}","templated":true}]}}