{"id":5357,"date":"2016-01-20T00:17:31","date_gmt":"2016-01-19T23:17:31","guid":{"rendered":"http:\/\/www.area-press.eu\/comunicatistampa\/?p=5357"},"modified":"2016-01-20T00:17:31","modified_gmt":"2016-01-19T23:17:31","slug":"federico-cervellini-e-levoluzione-della-sua-carriera","status":"publish","type":"post","link":"https:\/\/www.area-press.eu\/comunicatistampa\/2016\/01\/20\/federico-cervellini-e-levoluzione-della-sua-carriera\/","title":{"rendered":"Federico Cervellini e l\u2019evoluzione della sua carriera"},"content":{"rendered":"<p><em><strong>Professionista di origini sammarinese, <a title=\"Federico Cervellini - Executive Manager\" href=\"http:\/\/www.executivemanager.it\/Federico-Cervellini\/\">Federico Cervellini<\/a> inizia il proprio percorso professionale all&#8217;interno dello stato italiano, raggiungendo, nell&#8217;evoluzione della propria carriera, la citt\u00e0 di Dubai dove svolge attivit\u00e0 di gestione e sicurezza.<\/strong><br \/>\n<\/em><\/p>\n<p><a title=\"Federico Cervellini - Executive Manager\" href=\"http:\/\/www.executivemanager.it\/Federico-Cervellini\/\"><img loading=\"lazy\" decoding=\"async\" src=\"http:\/\/www.executivemanager.it\/images\/comprofiler\/0_5649fdf7428db.jpg\" alt=\"Federico Cervellini - Director of Corporate Affairs\" width=\"442\" height=\"350\" \/><\/a><\/p>\n<h2>La carriera di Federico Cervellini ai suoi esordi<\/h2>\n<p>Classe 1974 <strong>Federico Cervellini<\/strong> nasce nella Repubblica di San Marino. Intraprende la carriera professionale nello stato italiano, affrontando mansioni di sicurezza a favore di esercizi commerciali di fama internazionale, oltre che per personaggi di rilievo appartenenti al mondo dello spettacolo, nel periodo che intercorre tra il 1998 ed il 2003. Prosegue il percorso professionale elevando il livello della propria clientela e prestando servizio di sicurezza per rinomate case di moda e per grandi multinazionali, in particolare nel settore della tecnologia. Diversificando la propria attivit\u00e0, <strong>Federico Cervellini<\/strong> decide di fondare in societ\u00e0, nel 2005, l&#8217;attivit\u00e0 in ambito ristorativo Palazzo Guidi 1556, sorto nella citt\u00e0 di Rimini e dedicato a eventi, matrimoni e banqueting. In questo contesto Federico Cervellini si occupa di gestire le Pubbliche Relazioni ed assume la responsabilit\u00e0 delle Vendite e del Marketing, riuscendo ad acquisire competenze tali da essere chiamato a svolgere le medesime mansioni per esercizi commerciali analoghi.<\/p>\n<h2>Gli incarichi in Medioriente assunti da Federico Cervellini<\/h2>\n<p>Trasferitosi negli Emirati Arabi Uniti, <strong><a title=\"Federico Cervellini - Executive Manager\" href=\"http:\/\/www.executivemanager.it\/Federico-Cervellini\/\">Federico Cervellini<\/a><\/strong> intraprende nel 2009 attivit\u00e0 di sicurezza per alte cariche del territorio, all&#8217;interno del quale lavora anche a livello istituzionale. La sua attivit\u00e0 prende l&#8217;avvio nella citt\u00e0 di Abu Dhabi, offrendo servizio di gestione e di sicurezza a Sua Altezza la Sceicca Maryam bint Hamdan bin Mohammed Al Nahyan. Tre anni pi\u00f9 tardi diviene Director of Corporate Affairs presso MBM Group, societ\u00e0 sorta nel 2006 con l&#8217;intento di fornire supporto strategico agli imprenditori che mirano ad espandersi nei territori degli Emirati Arabi Uniti e sull&#8217;intero suolo mediorientale. Al fine di mantenere il livello di preparazione professionale sempre elevato, <strong>Federico Cervellini<\/strong> frequenta corsi di aggiornamento e di specializzazione, quali il Corso di guida veloce per mezzi blindati (2002) e il Corso avanzato di difesa personale (2003) per quanto riguarda l&#8217;ambito della sicurezza. Nel 2004 frequenta inoltre un corso di Marketing, che gli conferisce maggiore professionalit\u00e0 nel comparto economico e gestionale.<\/p>\n","protected":false},"excerpt":{"rendered":"<p>Professionista di origini sammarinese, Federico Cervellini inizia il proprio percorso professionale all&#8217;interno dello stato italiano, raggiungendo, nell&#8217;evoluzione della propria carriera, la citt\u00e0 di Dubai dove svolge attivit\u00e0 di gestione e sicurezza. La carriera di Federico Cervellini ai suoi esordi Classe 1974 Federico Cervellini nasce nella Repubblica di San Marino. Intraprende la carriera professionale nello stato [&hellip;]<\/p>\n","protected":false},"author":40,"featured_media":0,"comment_status":"open","ping_status":"open","sticky":false,"template":"","format":"standard","meta":{"footnotes":""},"categories":[29],"tags":[],"class_list":["post-5357","post","type-post","status-publish","format-standard","hentry","category-comunicati"],"_links":{"self":[{"href":"https:\/\/www.area-press.eu\/comunicatistampa\/wp-json\/wp\/v2\/posts\/5357","targetHints":{"allow":["GET"]}}],"collection":[{"href":"https:\/\/www.area-press.eu\/comunicatistampa\/wp-json\/wp\/v2\/posts"}],"about":[{"href":"https:\/\/www.area-press.eu\/comunicatistampa\/wp-json\/wp\/v2\/types\/post"}],"author":[{"embeddable":true,"href":"https:\/\/www.area-press.eu\/comunicatistampa\/wp-json\/wp\/v2\/users\/40"}],"replies":[{"embeddable":true,"href":"https:\/\/www.area-press.eu\/comunicatistampa\/wp-json\/wp\/v2\/comments?post=5357"}],"version-history":[{"count":1,"href":"https:\/\/www.area-press.eu\/comunicatistampa\/wp-json\/wp\/v2\/posts\/5357\/revisions"}],"predecessor-version":[{"id":5358,"href":"https:\/\/www.area-press.eu\/comunicatistampa\/wp-json\/wp\/v2\/posts\/5357\/revisions\/5358"}],"wp:attachment":[{"href":"https:\/\/www.area-press.eu\/comunicatistampa\/wp-json\/wp\/v2\/media?parent=5357"}],"wp:term":[{"taxonomy":"category","embeddable":true,"href":"https:\/\/www.area-press.eu\/comunicatistampa\/wp-json\/wp\/v2\/categories?post=5357"},{"taxonomy":"post_tag","embeddable":true,"href":"https:\/\/www.area-press.eu\/comunicatistampa\/wp-json\/wp\/v2\/tags?post=5357"}],"curies":[{"name":"wp","href":"https:\/\/api.w.org\/{rel}","templated":true}]}}