{"id":53540,"date":"2020-09-21T09:06:34","date_gmt":"2020-09-21T07:06:34","guid":{"rendered":"https:\/\/www.area-press.eu\/comunicatistampa\/?p=53540"},"modified":"2020-10-01T02:47:33","modified_gmt":"2020-10-01T00:47:33","slug":"ippolito-quando-e-il-quarto-brano-estratto-dal-disco-di-cover-piano-pop","status":"publish","type":"post","link":"https:\/\/www.area-press.eu\/comunicatistampa\/2020\/09\/21\/ippolito-quando-e-il-quarto-brano-estratto-dal-disco-di-cover-piano-pop\/","title":{"rendered":"Ippolito \u201cQuando\u201d \u00e8 il quarto brano estratto dal disco di cover \u201cPiano Pop\u201d"},"content":{"rendered":"<p style=\"text-align: center\"><i><span style=\"font-weight: 400\">Il cantautore campano rielabora in versione piano e voce la storica ed eterna canzone di Pino Daniele.<\/span><\/i><\/p>\n<p style=\"text-align: center\"><b>In radio dal 20 settembre<\/b><\/p>\n<p><img loading=\"lazy\" decoding=\"async\" class=\"alignnone size-medium aligncenter\" src=\"https:\/\/www.earone.it\/newsimages\/ippolito-quando.jpg___th_320_0.jpg\" width=\"320\" height=\"320\" \/><\/p>\n<p>&nbsp;<\/p>\n<p><i><span style=\"font-weight: 400\">\u00abLa grandezza di un artista si valuta quando quest\u2019ultimo non c\u2019\u00e8 pi\u00f9. A me \u00e8 successo esattamente cos\u00ec con <\/span><\/i><b><i>Pino Daniele<\/i><\/b><i><span style=\"font-weight: 400\">. La particolarit\u00e0 della mia reinterpretazione di <\/span><\/i><b><i>\u201cQuando\u201d<\/i><\/b><i><span style=\"font-weight: 400\"> sta nel <\/span><\/i><b><i>rielaborare al piano <\/i><\/b><i><span style=\"font-weight: 400\">un brano originariamente costruito con la chitarra\u00bb.<\/span><\/i><b> Ippolito<\/b><\/p>\n<p>&nbsp;<\/p>\n<p><span style=\"font-weight: 400\">La cover della canzone dell\u2019indimenticato cantautore napoletano \u00e8 estratta dal<\/span><b> progetto discografico \u201cPiano pop\u201d, <\/b><span style=\"font-weight: 400\">pubblicato il 13 giugno 2020. Un disco che nasce dall\u2019esigenza da parte del cantante campano, di <\/span><b>rivisitare e riproporre in chiave intimista, <\/b><span style=\"font-weight: 400\">con l\u2019accompagnamento del <\/span><b>piano<\/b><span style=\"font-weight: 400\"> (e di pochi altri strumenti, solo in alcuni pezzi), le <\/span><b>canzoni della musica italiana<\/b><span style=\"font-weight: 400\"> che sono rimaste nel cuore delle persone grazie al forte impatto emotivo che le contraddistingue.<\/span><\/p>\n<p><span style=\"font-weight: 400\">Gli altri artisti a cui il cantautore si \u00e8 ispirato per la scelta delle cover sono: <\/span><b>Nek, Vasco Rossi, Antonello Venditti, Lucio Battisti, Tot\u00f2, Marco Masini, Zucchero, Biagio Antonacci, Eros Ramazzotti, Tiziano Ferro, Max Pezzali.<\/b><span style=\"font-weight: 400\">\u00a0<\/span><\/p>\n<p>&nbsp;<\/p>\n<p><b>DICONO DI LUI<\/b><\/p>\n<p><i><span style=\"font-weight: 400\">\u201cUn ascolto che prima di ogni cosa rimescola e rilegge le belle nostalgie d\u2019amore pop della grande tradizione italiana\u201d. <\/span><\/i><b>Music On Tnt<\/b><\/p>\n<p><i><span style=\"font-weight: 400\">\u201cEccentrico e classico allo stesso tempo, armato di un pianoforte di dolcissimi ricami sintetici ed essenziali, accademico di antichi sapori nel mood vocale con cui ci regala un viaggio dentro alcune delle pi\u00f9 belle canzoni pop italiane di quest\u2019ultimo millennio\u201d. <\/span><\/i><b>Cornermusiczine<\/b><\/p>\n<p><i><span style=\"font-weight: 400\">\u201cUn disco italiano che cerca in questo una dimensione alta del termine\u201d. <\/span><\/i><b>Just Kids Magazine<\/b><\/p>\n<p><i><span style=\"font-weight: 400\">\u201cUn disco che non ha pretese, se non quella di omaggiare, che riporta inevitabili ricordi, canticchiando testi che ci hanno fatto innamorare e soffrire\u201d.<\/span><\/i><b>\u00a0Rockit<\/b><\/p>\n<p>&nbsp;<\/p>\n<p><iframe loading=\"lazy\" title=\"Ippolito - Quando (Pino Daniele)\" width=\"500\" height=\"281\" src=\"https:\/\/www.youtube.com\/embed\/yKgvMrjMtBo?feature=oembed\" frameborder=\"0\" allow=\"accelerometer; autoplay; clipboard-write; encrypted-media; gyroscope; picture-in-picture; web-share\" referrerpolicy=\"strict-origin-when-cross-origin\" allowfullscreen><\/iframe><\/p>\n<p>&nbsp;<\/p>\n<p>&nbsp;<\/p>\n<p><b>Autoproduzione<\/b><\/p>\n<p><b>Radio date: 20 settembre 2020<\/b><\/p>\n<p><b>Pubblicazione album: 13 giugno 2020<\/b><\/p>\n<p>&nbsp;<\/p>\n<p><b>BIO<\/b><\/p>\n<p><b>Ippolito \u00e8 un cantautore campano.<\/b><span style=\"font-weight: 400\"> Muove i primi passi nella musica imparando a suonare il piano e, successivamente, appassionandosi al canto. Nel tempo, la voglia di esprimere le proprie emozioni, porta l\u2019artista ad intraprendere la strada cantautorale. Esordisce cos\u00ec nel 2002 con il suo primo album dal titolo \u201cSempre tu\u201d. Dopo un periodo di ricerca, Ippolito incide il secondo album \u201cI ricordi del passato<\/span><b>\u201d<\/b><span style=\"font-weight: 400\">, trainato dall\u2019omonimo singolo. Dopo un terzo progetto discografico presentato dal singolo latino \u201cDimmi come\u201d e il disco dal taglio pi\u00f9 commerciale \u201cCentofiori\u201d,<\/span> <span style=\"font-weight: 400\">arriva a giugno 2020<\/span><b> l\u2019album di cover \u201cPiano pop\u201d <\/b><span style=\"font-weight: 400\">accompagnato dai singoli<\/span><b> \u201cFatti avanti amore\u201d, \u201cCon le mani\u201d, \u201cHanno ucciso l\u2019uomo ragno\u201d e \u201cQuando\u201d<\/b><span style=\"font-weight: 400\">.\u00a0<\/span><\/p>\n<p>&nbsp;<\/p>\n<p>&nbsp;<\/p>\n<p><b>Contatti e social<\/b><\/p>\n<p><b>Facebook <\/b><a href=\"http:\/\/www.facebook.com\/Ippolitoofficial\/\"><b>www.facebook.com\/Ippolitoofficial\/<\/b><\/a><\/p>\n<p><b>Instagram <\/b><a href=\"https:\/\/www.instagram.com\/ippolitoofficial\/\"><b>https:\/\/www.instagram.com\/ippolitoofficial\/<\/b><\/a><\/p>\n<p><b>Canale YouTube <\/b><a href=\"https:\/\/www.youtube.com\/channel\/UCZ6iO1AKio6VeugRiue2OYA\"><b>https:\/\/www.youtube.com\/channel\/UCZ6iO1AKio6VeugRiue2OYA<\/b><\/a><\/p>\n<p><b>Twitter <\/b><b>https:\/\/twitter.com\/Ippolitonline<\/b><\/p>\n","protected":false},"excerpt":{"rendered":"<p>Il cantautore campano rielabora in versione piano e voce la storica ed eterna canzone di Pino Daniele. In radio dal 20 settembre &nbsp; \u00abLa grandezza di un artista si valuta quando quest\u2019ultimo non c\u2019\u00e8 pi\u00f9. A me \u00e8 successo esattamente cos\u00ec con Pino Daniele. La particolarit\u00e0 della mia reinterpretazione di \u201cQuando\u201d sta nel rielaborare al [&hellip;]<\/p>\n","protected":false},"author":4383,"featured_media":0,"comment_status":"open","ping_status":"open","sticky":false,"template":"","format":"standard","meta":{"footnotes":""},"categories":[12],"tags":[4244,26505,690,3583],"class_list":["post-53540","post","type-post","status-publish","format-standard","hentry","category-musica","tag-cantautorato","tag-ippolito","tag-nuovo-singolo","tag-video"],"_links":{"self":[{"href":"https:\/\/www.area-press.eu\/comunicatistampa\/wp-json\/wp\/v2\/posts\/53540","targetHints":{"allow":["GET"]}}],"collection":[{"href":"https:\/\/www.area-press.eu\/comunicatistampa\/wp-json\/wp\/v2\/posts"}],"about":[{"href":"https:\/\/www.area-press.eu\/comunicatistampa\/wp-json\/wp\/v2\/types\/post"}],"author":[{"embeddable":true,"href":"https:\/\/www.area-press.eu\/comunicatistampa\/wp-json\/wp\/v2\/users\/4383"}],"replies":[{"embeddable":true,"href":"https:\/\/www.area-press.eu\/comunicatistampa\/wp-json\/wp\/v2\/comments?post=53540"}],"version-history":[{"count":1,"href":"https:\/\/www.area-press.eu\/comunicatistampa\/wp-json\/wp\/v2\/posts\/53540\/revisions"}],"predecessor-version":[{"id":53542,"href":"https:\/\/www.area-press.eu\/comunicatistampa\/wp-json\/wp\/v2\/posts\/53540\/revisions\/53542"}],"wp:attachment":[{"href":"https:\/\/www.area-press.eu\/comunicatistampa\/wp-json\/wp\/v2\/media?parent=53540"}],"wp:term":[{"taxonomy":"category","embeddable":true,"href":"https:\/\/www.area-press.eu\/comunicatistampa\/wp-json\/wp\/v2\/categories?post=53540"},{"taxonomy":"post_tag","embeddable":true,"href":"https:\/\/www.area-press.eu\/comunicatistampa\/wp-json\/wp\/v2\/tags?post=53540"}],"curies":[{"name":"wp","href":"https:\/\/api.w.org\/{rel}","templated":true}]}}