{"id":53520,"date":"2020-09-19T11:16:07","date_gmt":"2020-09-19T09:16:07","guid":{"rendered":"https:\/\/www.area-press.eu\/comunicatistampa\/?p=53520"},"modified":"2020-09-30T04:02:48","modified_gmt":"2020-09-30T02:02:48","slug":"cannella-in-radio-e-nei-digital-store-il-nuovo-singolo-la-mia-roma","status":"publish","type":"post","link":"https:\/\/www.area-press.eu\/comunicatistampa\/2020\/09\/19\/cannella-in-radio-e-nei-digital-store-il-nuovo-singolo-la-mia-roma\/","title":{"rendered":"CANNELLA: in radio e nei digital store il nuovo singolo \u201cLA MIA ROMA\u201d"},"content":{"rendered":"<div><strong>\u201cLa mia Roma\u201d<\/strong> \u00e8 il titolo del nuovo singolo di <strong>Cannella<\/strong> fuori oggi, venerd\u00ec 18 Settembre, su tutte le piattaforme digitali e in rotazione radiofonica<\/div>\n<div>Il brano, scritto dallo stesso Cannella e prodotto da Marta Venturini, \u00e8 targato Honiro Rookies.Honiro Rookies<\/div>\n<div>Cannella, cantautore dall\u2019animo sensibile, riesce ancora una volta, in modo discreto e mai banale anche grazie al suo stile inconfondibile e senza compromessi, a raccontare le sue storie di vita.<\/div>\n<div><\/div>\n<div><i>\u00ab<\/i><i>La mia Roma \u00e8 forse il brano del mio nuovo disco &#8211;<\/i><i>\u00a0<\/i><b>racconta Cannella<\/b><i>\u00a0<\/i><i>&#8211; a cui sono maggiormente legato, probabilmente per la sua storia, per il periodo in cui \u00e8 stata scritta e, per le emozioni che mi ha trasmesso e che mi trasmette ogni volta che la ascolto.\u00a0<\/i><\/div>\n<div><i>Il pezzo \u00e8 nato in treno, mentre tornavo da una data a Milano pochi giorni prima del lockdown. Marta Venturini, la mia producer, mi aveva mandato su whatsapp la bozza di una produzione che aveva portato avanti in quei giorni scrivendomi: teso\u2019 questa \u00e8 una bomba, ti lascio carta bianca ma sono sicura che ci puoi scrivere un pezzone, l\u2019ho fatta apposta per te\u201d. Avendo qualche ora di viaggio da affrontare &#8211;<\/i><i>\u00a0<\/i><b>continua Cannella<\/b><b>\u00a0<\/b>&#8211; ho<i>\u00a0messo in play ed ho ascoltato la base, dopo pochi ascolti avevo gi\u00e0 scritto la prima strofa, poi l\u2019ho risentita qualche altra volta e prima dell\u2019arrivo a Roma sono riuscito a scrivere anche la seconda. Dopodich\u00e9 non ci ho pi\u00f9 messo mano per molto tempo, \u00e8 arrivato il lock down, siamo stati tutti chiusi in casa e non ho trovato la giusta ispirazione. Finito il lockdown ho avuto modo di vedere di nuovo Roma, la mia ragazza e tutte quelle cose che mi erano mancate da morire, solo l\u00ec sono riuscito a scrivere il ritornello in cui associo la mia citt\u00e0 alla mia met\u00e0. L\u2019ho scritto veramente di getto dopo aver provato tutte quelle emozioni, due mesi mi erano sembrati un\u2019eternit\u00e0 ed ancora ricordo che mentre lo scrivevo avevo gli occhi lucidi. \u201csei la mia Roma\u201d \u00e8 una frase fortissima, forse la cosa pi\u00f9 bella che potessi dire ad una persona\u00bb.<\/i><\/div>\n<div><\/div>\n","protected":false},"excerpt":{"rendered":"<p>\u201cLa mia Roma\u201d \u00e8 il titolo del nuovo singolo di Cannella fuori oggi, venerd\u00ec 18 Settembre, su tutte le piattaforme digitali e in rotazione radiofonica Il brano, scritto dallo stesso Cannella e prodotto da Marta Venturini, \u00e8 targato Honiro Rookies.Honiro Rookies Cannella, cantautore dall\u2019animo sensibile, riesce ancora una volta, in modo discreto e mai banale [&hellip;]<\/p>\n","protected":false},"author":6401,"featured_media":0,"comment_status":"open","ping_status":"open","sticky":false,"template":"","format":"standard","meta":{"footnotes":""},"categories":[12],"tags":[28194,28195,1049],"class_list":["post-53520","post","type-post","status-publish","format-standard","hentry","category-musica","tag-cannella","tag-honiro","tag-roma"],"_links":{"self":[{"href":"https:\/\/www.area-press.eu\/comunicatistampa\/wp-json\/wp\/v2\/posts\/53520","targetHints":{"allow":["GET"]}}],"collection":[{"href":"https:\/\/www.area-press.eu\/comunicatistampa\/wp-json\/wp\/v2\/posts"}],"about":[{"href":"https:\/\/www.area-press.eu\/comunicatistampa\/wp-json\/wp\/v2\/types\/post"}],"author":[{"embeddable":true,"href":"https:\/\/www.area-press.eu\/comunicatistampa\/wp-json\/wp\/v2\/users\/6401"}],"replies":[{"embeddable":true,"href":"https:\/\/www.area-press.eu\/comunicatistampa\/wp-json\/wp\/v2\/comments?post=53520"}],"version-history":[{"count":1,"href":"https:\/\/www.area-press.eu\/comunicatistampa\/wp-json\/wp\/v2\/posts\/53520\/revisions"}],"predecessor-version":[{"id":53521,"href":"https:\/\/www.area-press.eu\/comunicatistampa\/wp-json\/wp\/v2\/posts\/53520\/revisions\/53521"}],"wp:attachment":[{"href":"https:\/\/www.area-press.eu\/comunicatistampa\/wp-json\/wp\/v2\/media?parent=53520"}],"wp:term":[{"taxonomy":"category","embeddable":true,"href":"https:\/\/www.area-press.eu\/comunicatistampa\/wp-json\/wp\/v2\/categories?post=53520"},{"taxonomy":"post_tag","embeddable":true,"href":"https:\/\/www.area-press.eu\/comunicatistampa\/wp-json\/wp\/v2\/tags?post=53520"}],"curies":[{"name":"wp","href":"https:\/\/api.w.org\/{rel}","templated":true}]}}