{"id":533,"date":"2015-07-23T18:11:32","date_gmt":"2015-07-23T16:11:32","guid":{"rendered":"http:\/\/www.area-press.eu\/comunicatistampa\/?p=533"},"modified":"2015-07-23T18:11:32","modified_gmt":"2015-07-23T16:11:32","slug":"ale-challenge-sulle-orme-di-charly-gaul-i-verdetti-del-monte-bondone","status":"publish","type":"post","link":"https:\/\/www.area-press.eu\/comunicatistampa\/2015\/07\/23\/ale-challenge-sulle-orme-di-charly-gaul-i-verdetti-del-monte-bondone\/","title":{"rendered":"AL\u00c9 CHALLENGE SULLE ORME DI CHARLY GAUL, I VERDETTI DEL MONTE BONDONE"},"content":{"rendered":"<p>Tutti i leader dell Al\u00e9 Challenge dopo \u2018La Leggendaria Charly Gaul\u2019<\/p>\n<p>Emma Delbono, dominatrice del circuito, a segno anche domenica scorsa<\/p>\n<p>Successi anche per Zen, Lombardi e Dossi<\/p>\n<p>Settima tappa del circuito<\/p>\n<p>&nbsp;<\/p>\n<p>&nbsp;<\/p>\n<p>L\u2019estate bollente dell\u2019Al\u00e9 Challenge prosegue e domenica scorsa sulle strade di Trento, del Monte Bondone e della Valle dei Laghi si \u00e8 disputata la settima tappa del circuito con quasi 2000 appassionati di tutto il mondo al via. La 10.a edizione de \u2018La Leggendaria Charly Gaul\u2019 proponeva il mediofondo di 57 km e il granfondo da 141 km e 4000 metri di dislivello, dove \u00e8 andato in scena l\u2019ennesimo monologo di Emma Delbono. La bresciana \u00e8 stata la vera dominatrice del circuito, forte di quattro successi nei percorsi pi\u00f9 lunghi alle granfondo fi\u2019zi:k, Eddy Merckx, Asiago e \u2018Charly Gaul\u2019. Sul traguardo del Monte Bondone la Delbono ha rifilato un distacco di 10\u201945\u2019\u2019 a Marina Ilmer e di 11\u201924\u2019\u2019 alla bergamasca Manuela Sonzogni.<\/p>\n<p>In campo maschile, invece, il vicentino Enrico Zen, gi\u00e0 vincitore della Marcialonga Cycling Craft, ha messo in fila il lucchese Stefano Cecchini ed il belga Michiel Minnaert. Nel mediofondo maschile si sono messi in luce altri due grandi protagonisti dell\u2019Al\u00e9 Challenge come i veronesi Andrea Pontalto e Davide Spiazzi, leader nelle rispettive categorie, che hanno conquistato il secondo ed il terzo posto alle spalle del vincitore, il fiorentino Davide Lombardi. Fra le donne, Marcellina Dossi si \u00e8 imposta sulle strade di casa davanti all\u2019austriaca Karin Pekovits e alla romagnola Manuela Bugli.<\/p>\n<p>Per quanto riguarda i ranking del circuito, le classifiche non hanno sub\u00ecto grossi scossoni al termine de \u2018La Leggendaria Charly Gaul\u2019. Nel granfondo Luigi Tarchini (V2), Mauro Paulotto (G1) e Lorenzo Breda (SG1) hanno conquistato il primato sulle rampe del Monte Bondone, mentre si sono confermati in testa i vari Paolo Minuzzo (Sen), Mauro Gerarduzzi (M1), Marco Manzardo (M2), Michele Tobaldo (V1), Luigi Cioni (G2) e Roberto Rosin (SG2). Fra le donne guidano Emma Delbono (F1), e non potrebbe essere altrimenti, Florinda Neri (F2) e Nicoletta Magro (F3). Nel mediofondo Marco Trevisan (M2), Cristiano Pegoraro (V1), Daniele Magagnotti (V2), Paolo Mazzoli (G1), Filippo Attolini (G2), Armando Quaglierini (SG1) e Francesco Bolpagni (SG2) hanno mantenuto la leadership anche dopo la gara di domenica scorsa, cos\u00ec come i gi\u00e0 citati Andrea Pontalto (Sen) e Davide Spiazzi (M1). In campo femminile Enrica Furlan (F1) \u00e8 riuscita a balzare al comando nella propria categoria grazie al quinto posto assoluto di domenica, mentre Nuria Maccioni (F2) e Marisa Coato (F3) sono rimaste prime nelle rispettive graduatorie.<\/p>\n<p>\u2018La Leggendaria Charly Gaul\u2019 \u00e8 stata la settima tappa del circuito che fin dal mese di aprile ha consentito a migliaia di appassionati di divertirsi e pedalare in alcune delle pi\u00f9 entusiasmanti gare di Veneto e Trentino- Alto Adige. L\u2019Al\u00e9 Challenge, infatti, ha preso il via il 12 aprile scorso alla Granfondo Liotto-Citt\u00e0 di Vicenza, seguita il 26 dalla Granfondo fi\u2019zi:k-Citt\u00e0 di Marostica, di nuovo nel Vicentino. Domenica 7 giugno, poi, \u00e8 stato il turno dell\u2019evento di casa Al\u00e9, la Granfondo Eddy Merckx di Rivalta di Brentino Belluno (VR), mentre una settimana pi\u00f9 tardi si \u00e8 pedalato all\u2019ombra delle Dolomiti alla Marcialonga Cycling Craft di Predazzo (TN) e il 28 giugno alla Granfondo Asiago. Nel mese di luglio, infine, \u00e8 toccato a due classiche come \u2018La Pina Cycling Marathon\u2019 di Treviso (12 luglio) e alla GF \u2018Charly Gaul\u2019 di domenica scorsa.<\/p>\n<p>Info: <a href=\"http:\/\/www.alechallenge.com\/\">www.alechallenge.com<\/a><\/p>\n<p>&nbsp;<\/p>\n<p>&nbsp;<\/p>\n<p><strong>Classifiche Al\u00e8 Challenge dopo la 7\u00b0 tappa:<\/strong><\/p>\n<p>&nbsp;<\/p>\n<p><strong>Granfondo<\/strong><\/p>\n<p><strong>\u00a0<\/strong><\/p>\n<p><strong>Senior<\/strong><\/p>\n<p>1 Minuzzo Paolo Asd Team Granfondo Liotto; 2 Chiminello Andrea Spezzotto Bike Team; 3 Calliari Filippo Bren Team Trento; 4 Zanvettore Cristian Asd Dteam; 5 Maggi Giovanni Top Team Race Asd<\/p>\n<p><strong>Master 1<\/strong><\/p>\n<p>1 Gerarduzzi Mauro Legend Factory Miche; 2 Poeta Emanuele Ponte Cycling Team; 3 Di Luca Vincenzo Prof Bike; 4 Molon Cristian Biciverde Monselice; 5 Dondoni Angelo Corse Cussigh Bike<\/p>\n<p><strong>Master 2<\/strong><\/p>\n<p>1 Manzardo Marco G.S.Alpilatte Br Pneumatici Zan\u00e8; 2 Pavan Nicola Unoteam Cittadella; 3 Zardello Ivan Spezzotto Bike Team; 4 De Stefano Marco A.S.D. Stalis Team; 5 Rigoni Andrea F.Magni Brixia Flandres Love<\/p>\n<p><strong>Veterani 1<\/strong><\/p>\n<p>1 Tobaldo Michele Ar Team Armistizio Hard Service; 2 Resch Christian Dynamic Bike Team; 3 Vergoglio Stefano F.Magni Brixia Flandres Love; 4 Sinico Renato Asd Dteam Essegi2; 5 Roncalli Amedeo Team Moretti Asd<\/p>\n<p><strong>Veterani 2<\/strong><\/p>\n<p>1 Tarchini Luigi Team Isolmant; 2 Avi Giuliano A.S.D. Barbariga; 3 Gasparetto Gianfranco A.S.D. Gruppo Ciclistico Arcade; 4 Bazzanella Mario Asd Athletic Club Merano; 5 Borsari Andrea Team Ale&#8217; Cipollini Galassia<\/p>\n<p><strong>Gentlemen 1<\/strong><\/p>\n<p>1 Paulotto Mauro Corse Cussigh Bike; 2 Faccini Paolo Team Gf Pinarello; 3 Bianco Renzo Gs Prasecco Biesse; 4 Libelli Silvano Asd Fp Race; 5 Todesco Alessandro Arcobici Verona<\/p>\n<p><strong>Gentlemen 2<\/strong><\/p>\n<p>1 Cioni Luigi Asd Fp Race; 2 Bernard Nikolaus Dynamic Bike Team; 3 Lazzari Fulvio Asd Tezze Arzignano<\/p>\n<p>4 Baggio Tiziano Gs Prasecco Biesse; 5 Perniceni Giancarlo Team Moretti Asd<\/p>\n<p><strong>Super Gentlemen 1<\/strong><\/p>\n<p>1 Breda Lorenzo Bielle Team Asd; 2 Palma Richard Dynamic Bike Team; 3 Colombara Walter Asd Il Ciclista<\/p>\n<p>4 Ceriani Paolo Gs Prasecco Biesse; 5 Girardi Renato G.C.Catena<\/p>\n<p><strong>Super Gentlemen 2<\/strong><\/p>\n<p>1 Rosin Roberto Asd Team Isonzo Amatori<\/p>\n<p><strong>Femminile 1<\/strong><\/p>\n<p>1 Delbono Emma Cycling Team T&amp;P; 2 Benedet Elisa Uisp Pordenone; 3 Mantovani Sarah G.S.Alpilatte Br Pneumatici Zan\u00e8; 4 Palmisano Maria Elena Team Piton; 5 Carpentieri Venusia Gs Prasecco Biesse<\/p>\n<p><strong>Femminile 2<\/strong><\/p>\n<p>1 Neri Florinda Royal Team Asd; 2 Corina Alessandra Team Ale&#8217; Cipollini Galassia; 3 Zambotti Barbara G.S.Alpilatte Br Pneumatici Zan\u00e8; 4 Fumarola Vincenza Royal Team Asd; 5 Gaspari Tiziana Royal Team Asd<\/p>\n<p><strong>Femminile 3<\/strong><\/p>\n<p>1 Magro Nicoletta G S 92 Caselle; 2 Baron Donatella Asd Energiapura; 3 Berlato Monica Ar Team Armistizio Hard Service; 4 Emaldi Gabriella Somec-Mg.K Vis-Lgl; 5 Sella Sandra Benato Bikes Frw<\/p>\n<p>&nbsp;<\/p>\n<p>&nbsp;<\/p>\n<p><strong>Mediofondo<\/strong><\/p>\n<p><strong>\u00a0<\/strong><\/p>\n<p><strong>Senior<\/strong><\/p>\n<p>1 Pontalto Andrea Team Ale&#8217; Cipollini Galassia; 2 Avanzo Francesco Bren Team Trento; 3 Carraro Matteo Asd Colli Berici; 4 Attolini Michele Team Rana Tagliaro; 5 Romio Luca Asd Dteam<\/p>\n<p><strong>Master 1<\/strong><\/p>\n<p>1 Spiazzi Davide Total Speed; 2 Tecchio Andrea Team Ale&#8217; Cipollini Galassia; 3 Bergamo Daniele Bergner Br\u00e4u; 4 Garziera Alessandro Asd Keteam; 5 De Toni Federico G.S.Alpilatte Br Pneumatici Zan\u00e8<\/p>\n<p><strong>Master 2<\/strong><\/p>\n<p>1 Trevisan Marco Asd High Road Team; 2 Calore Matteo Lasalamacchine Team; 3 Gottardi Davide Bren Team Trento; 4 Roda Cristian Team Borghi Racing; 5 Gasparini Marco A.S.D. Crt Ciclotime<\/p>\n<p><strong>Veterani 1<\/strong><\/p>\n<p>1 Pegoraro Cristiano Scavezzon Squadra Corse; 2 Danese Loris Asd Fp Race; 3 Monetti Emanuele A.S.D. Ai Amisi; 4 De Lucia Gioacchino Asd Rana Tagliaro; 5 Maldarelli Dario Asd Veroca<\/p>\n<p><strong>Veterani 2<\/strong><\/p>\n<p>1 Magagnotti Daniele Asd Avesani; 2 Michelon Maurizio Bren Team Trento; 3 Camin Claudio Camin Bike<\/p>\n<p>4 Quaranta Massimo A.S.D.Federclub Trieste; 5 Rigodanzo Mauro Asd Team Granfondo Liotto<\/p>\n<p><strong>Gentlemen 1<\/strong><\/p>\n<p>1 Mazzoli Paolo Asd Gianluca Faenza Team; 2 Paoli Marco Bren Team Trento; 3 Dalla Rosa Mauro Fiordifrutta Geco E. Selle Smp; 4 Nappini Andrea Asd Extreme Bike; 5 Veronesi Roberto Camin Bike<\/p>\n<p><strong>Gentlemen 2<\/strong><\/p>\n<p>1 Attolini Filippo A.S.D. Rana Tagliaro; 2 Cabbia Loris Gs Cicli Olympia; 3 Bevilacqua Claudio Asd Team Syntec; 4 Benato Alessandro Ar Team Armistizio Hard Service; 5 Zanguio Cristoforo Asd Colli Berici<\/p>\n<p><strong>Super Gentlemen 1<\/strong><\/p>\n<p>1 Quaglierini Armano Asd Amici Udace Trento; 2 Belotti Francesco Asd Tokens Cicli Bettoni; 3 Diotalevi Alberto Team Ale&#8217; Cipollini Galassia; 4 Sanzovo Mario S.C.Valdobbiadene; 5 Piona Luciano Lamacart Cycling Team<\/p>\n<p><strong>Super Gentlemen 2<\/strong><\/p>\n<p>1 Bolpagni Francesco Asd Tokens Cicli Bettoni; 2 Bagattin Valter Ar Team Armistizio Hard Service; 3 Mason Fiorenzo Team Gf Pinarello; 4 Soini Graziano Societa&#8217; Ciclistica Ala; 5 Galli Mario Alpin Bike Edilbi Team<\/p>\n<p><strong>\u00a0<\/strong><\/p>\n<p><strong>Femminile 1<\/strong><\/p>\n<p>1 Furlan Enrica Spezzotto Bike Team; 2 Molo Matilde G.S.Alpilatte Br Pneumatici Zan\u00e8;\u00b83 Vavassori Eleonora Ar Team Armistizio Hard Service; 4 Baret Selena Asd Cellina Bike; 5 Sandri Martina Lamacart Cycling Team<\/p>\n<p><strong>Femminile 2<\/strong><\/p>\n<p>1 Maccioni Nuria Uc Romano; 2 Perotto Oriella G.S.Alpilatte Br Pneumatici Zan\u00e8; 3 Lideo Elisabetta Asd Peperoncino Cycling Team; 4 Covre Giovanna Happy Bikers; 5 Carollo Bruna G.S.Alpilatte Br Pneumatici Zan\u00e8<\/p>\n<p><strong>Femminile 3<\/strong><\/p>\n<p>1 Coato Marisa Happy Bikers; 2 Scutari Giorgia Asd Gc Bovolenta; 3 Agostini Maria Gabriella Stemax Team<\/p>\n<p>4 Giannasi Marta Team Tinky Ladies Pinarello; 5 Cazzola Cinzia Gs Prasecco Biesse<\/p>\n","protected":false},"excerpt":{"rendered":"<p>Tutti i leader dell Al\u00e9 Challenge dopo \u2018La Leggendaria Charly Gaul\u2019 Emma Delbono, dominatrice del circuito, a segno anche domenica scorsa Successi anche per Zen, Lombardi e Dossi Settima tappa del circuito &nbsp; &nbsp; L\u2019estate bollente dell\u2019Al\u00e9 Challenge prosegue e domenica scorsa sulle strade di Trento, del Monte Bondone e della Valle dei Laghi si [&hellip;]<\/p>\n","protected":false},"author":15,"featured_media":0,"comment_status":"open","ping_status":"open","sticky":false,"template":"","format":"standard","meta":{"footnotes":""},"categories":[15],"tags":[],"class_list":["post-533","post","type-post","status-publish","format-standard","hentry","category-sport"],"_links":{"self":[{"href":"https:\/\/www.area-press.eu\/comunicatistampa\/wp-json\/wp\/v2\/posts\/533","targetHints":{"allow":["GET"]}}],"collection":[{"href":"https:\/\/www.area-press.eu\/comunicatistampa\/wp-json\/wp\/v2\/posts"}],"about":[{"href":"https:\/\/www.area-press.eu\/comunicatistampa\/wp-json\/wp\/v2\/types\/post"}],"author":[{"embeddable":true,"href":"https:\/\/www.area-press.eu\/comunicatistampa\/wp-json\/wp\/v2\/users\/15"}],"replies":[{"embeddable":true,"href":"https:\/\/www.area-press.eu\/comunicatistampa\/wp-json\/wp\/v2\/comments?post=533"}],"version-history":[{"count":1,"href":"https:\/\/www.area-press.eu\/comunicatistampa\/wp-json\/wp\/v2\/posts\/533\/revisions"}],"predecessor-version":[{"id":534,"href":"https:\/\/www.area-press.eu\/comunicatistampa\/wp-json\/wp\/v2\/posts\/533\/revisions\/534"}],"wp:attachment":[{"href":"https:\/\/www.area-press.eu\/comunicatistampa\/wp-json\/wp\/v2\/media?parent=533"}],"wp:term":[{"taxonomy":"category","embeddable":true,"href":"https:\/\/www.area-press.eu\/comunicatistampa\/wp-json\/wp\/v2\/categories?post=533"},{"taxonomy":"post_tag","embeddable":true,"href":"https:\/\/www.area-press.eu\/comunicatistampa\/wp-json\/wp\/v2\/tags?post=533"}],"curies":[{"name":"wp","href":"https:\/\/api.w.org\/{rel}","templated":true}]}}