{"id":53062,"date":"2020-09-04T21:35:42","date_gmt":"2020-09-04T19:35:42","guid":{"rendered":"https:\/\/www.area-press.eu\/comunicatistampa\/?p=53062"},"modified":"2020-09-04T21:35:42","modified_gmt":"2020-09-04T19:35:42","slug":"la-biografia-di-andrea-mascetti-titolare-dello-studio-legale-omonimo","status":"publish","type":"post","link":"https:\/\/www.area-press.eu\/comunicatistampa\/2020\/09\/04\/la-biografia-di-andrea-mascetti-titolare-dello-studio-legale-omonimo\/","title":{"rendered":"La biografia di Andrea Mascetti, titolare dello Studio Legale omonimo"},"content":{"rendered":"<p><em><strong>Il profilo biografico di <a href=\"https:\/\/www.andreamascetti.it\/\" title=\"Andrea Mascetti: sito\">Andrea Mascetti<\/a>: dopo l&#8217;ottenimento della Laurea in Giurisprudenza e l&#8217;abilitazione allo svolgimento della professione legale, l&#8217;avvocato ha avviato una propria attivit\u00e0 fondando lo Studio Legale Mascetti nel 2004.<\/strong> <\/em><\/p>\n<p><a href=\"https:\/\/www.andreamascetti.it\/\" title=\"Andrea Mascetti: sito\"><img decoding=\"async\" alt=\"Andrea Mascetti\" src=\"https:\/\/www.andreamascetti.it\/wp-content\/uploads\/2020\/06\/andrea-mascetti-199x300.jpg\" width=\"120\" \/><\/a><\/p>\n<h2>Andrea Mascetti: dalle esperienze formative alla nascita dello Studio Legale Mascetti<\/h2>\n<p>Titolare dello Studio Legale omonimo, <strong>Andrea Mascetti<\/strong> \u00e8 avvocato e consulente esperto in materia civile e amministrativa, in particolare nei rami del diritto commerciale e societario e nelle materie attinenti ai diritti reali. Classe 1971 e di origini varesine, dopo la maturit\u00e0 classica consegue una Laurea in Giurisprudenza presso l&#8217;Universit\u00e0 degli Studi di Milano (1996). In seguito allo svolgimento del praticantato, Andrea Mascetti sostiene l&#8217;esame di abilitazione davanti alla Corte di Appello di Milano ed entra nell&#8217;Ordine degli Avvocati di Varese. Dal 2014 \u00e8 iscritto all&#8217;Ordine di Milano. La sua prima esperienza nel settore legale si \u00e8 svolta presso lo Studio Legale Tributario associato a Ernst &amp; Young, dove esercita attivit\u00e0 di avvocato fino al 2003. Il 2004 \u00e8 l&#8217;anno di avvio di una propria attivit\u00e0: le competenze maturate in materia di diritto societario e amministrativo gli consentono, infatti, di fondare lo Studio Legale Mascetti, una realt\u00e0 che nel tempo si \u00e8 arricchita di numerosi professionisti specializzati in diritto civile, amministrativo e penale. A sottolineare la qualit\u00e0 dei servizi forniti dallo Studio Legale di <strong>Andrea Mascetti<\/strong>, la recente inclusione tra le migliori 500 <em>legal firm<\/em> a livello nazionale da parte della rivista <em>Capital<\/em>.<\/p>\n<h2>Andrea Mascetti: attivit\u00e0 professionali e incarichi correnti<\/h2>\n<p>Oltre agli ambiti del diritto civile e amministrativo, l&#8217;esperienza consolidata di <strong><a href=\"https:\/\/www.andreamascetti.it\/\" title=\"Andrea Mascetti website\">Andrea Mascetti<\/a><\/strong> include le applicazioni del decreto legislativo 231\/01, insieme al diritto commerciale e societario e le materie attinenti ai diritti reali. Sia come consulente che in qualit\u00e0 di processualista, l&#8217;avvocato svolge inoltre attivit\u00e0 nelle aree della responsabilit\u00e0 civile e del diritto del lavoro. Presidente e componente di Organismi di Vigilanza di importanti societ\u00e0 italiane, Andrea Mascetti svolge attivit\u00e0 difensiva davanti ai TAR e al Consiglio di Stato e fornisce consulenza stragiudiziale per enti pubblici, societ\u00e0 commerciali e privati in materia di appalti e contratti pubblici, concessioni, partenariato pubblico-privato, urbanistica ed edilizia. Tra i suoi incarichi correnti \u00e8 consigliere indipendente nel Consiglio di Amministrazione di Italgas Spa, presso cui presiede il Comitato Nomine e Remunerazioni. Bibliofilo e appassionato di storia, da giugno 2019 <strong>Andrea Mascetti<\/strong> \u00e8 Coordinatore della Commissione Arte e Cultura di Fondazione Cariplo, dove \u00e8 impegnato nella promozione di progetti di utilit\u00e0 sociale. Animatore di numerose iniziative in ambito culturale, da diversi anni si occupa altres\u00ec di diritto dell&#8217;arte e <em>web reputation<\/em>.<\/p>\n","protected":false},"excerpt":{"rendered":"<p>Il profilo biografico di Andrea Mascetti: dopo l&#8217;ottenimento della Laurea in Giurisprudenza e l&#8217;abilitazione allo svolgimento della professione legale, l&#8217;avvocato ha avviato una propria attivit\u00e0 fondando lo Studio Legale Mascetti nel 2004. Andrea Mascetti: dalle esperienze formative alla nascita dello Studio Legale Mascetti Titolare dello Studio Legale omonimo, Andrea Mascetti \u00e8 avvocato e consulente esperto [&hellip;]<\/p>\n","protected":false},"author":40,"featured_media":0,"comment_status":"open","ping_status":"open","sticky":false,"template":"","format":"standard","meta":{"footnotes":""},"categories":[29],"tags":[22151],"class_list":["post-53062","post","type-post","status-publish","format-standard","hentry","category-comunicati","tag-andrea-mascetti"],"_links":{"self":[{"href":"https:\/\/www.area-press.eu\/comunicatistampa\/wp-json\/wp\/v2\/posts\/53062","targetHints":{"allow":["GET"]}}],"collection":[{"href":"https:\/\/www.area-press.eu\/comunicatistampa\/wp-json\/wp\/v2\/posts"}],"about":[{"href":"https:\/\/www.area-press.eu\/comunicatistampa\/wp-json\/wp\/v2\/types\/post"}],"author":[{"embeddable":true,"href":"https:\/\/www.area-press.eu\/comunicatistampa\/wp-json\/wp\/v2\/users\/40"}],"replies":[{"embeddable":true,"href":"https:\/\/www.area-press.eu\/comunicatistampa\/wp-json\/wp\/v2\/comments?post=53062"}],"version-history":[{"count":1,"href":"https:\/\/www.area-press.eu\/comunicatistampa\/wp-json\/wp\/v2\/posts\/53062\/revisions"}],"predecessor-version":[{"id":53064,"href":"https:\/\/www.area-press.eu\/comunicatistampa\/wp-json\/wp\/v2\/posts\/53062\/revisions\/53064"}],"wp:attachment":[{"href":"https:\/\/www.area-press.eu\/comunicatistampa\/wp-json\/wp\/v2\/media?parent=53062"}],"wp:term":[{"taxonomy":"category","embeddable":true,"href":"https:\/\/www.area-press.eu\/comunicatistampa\/wp-json\/wp\/v2\/categories?post=53062"},{"taxonomy":"post_tag","embeddable":true,"href":"https:\/\/www.area-press.eu\/comunicatistampa\/wp-json\/wp\/v2\/tags?post=53062"}],"curies":[{"name":"wp","href":"https:\/\/api.w.org\/{rel}","templated":true}]}}