{"id":53061,"date":"2020-09-04T21:35:40","date_gmt":"2020-09-04T19:35:40","guid":{"rendered":"https:\/\/www.area-press.eu\/comunicatistampa\/?p=53061"},"modified":"2020-09-04T21:35:40","modified_gmt":"2020-09-04T19:35:40","slug":"corea-in-camera-il-nuovo-video-concorso-coreano-che-mette-in-palio-20mila-euro","status":"publish","type":"post","link":"https:\/\/www.area-press.eu\/comunicatistampa\/2020\/09\/04\/corea-in-camera-il-nuovo-video-concorso-coreano-che-mette-in-palio-20mila-euro\/","title":{"rendered":"&#8220;Corea in camera&#8221;, il nuovo video concorso coreano che mette in palio 20mila euro"},"content":{"rendered":"<p>L\u2019Ambasciata della Repubblica di Corea e l\u2019Istituto Culturale Coreano lanciano, per la prima volta, il concorso <em>Corea in Camera<\/em>, il video concorso, aperto a tutti, che premia i migliori e originali progetti per presentare i diversi aspetti della Corea, come cucina, turismo, cultura, cosmesi e sport, e la loro relazione con l\u2019Italia. Termine per presentare la domanda \u00e8 il 12 ottobre, mentre entro il 26 ottobre saranno selezionate le idee e i progetti che verranno finanziati per essere realizzati con 20mila euro totali: il primo premio \u00e8 di 7.500 euro, il secondo di 6.000 euro, il terzo di 4.000 euro, il quarto di 2.500 euro.\u00a0 I video dovranno poi essere realizzati e consegnati entro il 20 novembre. Il regolamento \u00e8 disponibile al link <a href=\"http:\/\/italia.korean-culture.org\/it\/760\/board\/525\/read\/104242\">http:\/\/italia.korean-culture.org\/it\/760\/board\/525\/read\/104242<\/a>.<\/p>\n<p>&nbsp;<\/p>\n<p>\u201cIstituto Culturale Coreano &#8211; commenta Choong Suk Oh Direttore dell\u2019Istituto Culturale Coreano &#8211; \u00e8 un osservatorio privilegiato per constatare l\u2019interesse degli Italiani nei confronti della Corea. In quattro anni nelle nostre iniziative abbiamo coinvolto migliaia di persone e i nostri corsi di lingua risultano sold out in poche ore. Proprio per promuovere ancor di pi\u00f9 la conoscenza del nostro paese, sia nei suoi aspetti pi\u00f9 conosciuti come il cibo e la cosmesi, sia in quelli ancora da scoprire come il vestito tradizionale Hanji o la casa Hanok, abbiamo promosso con la nostra Ambasciata \u201cCorea in Camera\u201d, un video concorso aperto a tutti che premier\u00e0 i progetti pi\u00f9 originali e creativi\u201d.<\/p>\n<p>&nbsp;<\/p>\n<p>L\u2019iniziativa si avvarr\u00e0 di un partner d\u2019eccezione la Scuola Nazionale di Cinema del Centro Sperimentale di Cinematografia, tra le pi\u00f9 antiche e prestigiose scuole di cinema al mondo dove si sono formati tra gli altri Michelangelo Antonioni, Garcia Marquez, Claudia Cardinale, Carlo Verdone e in tempi pi\u00f9 recenti Claudio Giovannesi, Riccardo Scamarcio e Alba\u00a0Rohrwacher e dove insegnano Giancarlo Giannini, Daniele Luchetti, Giuseppe Lanci e tanti altri artisti del cinema.<\/p>\n<p>&nbsp;<\/p>\n<p>La Scuola Nazionale di Cinema non solo far\u00e0 parte della giuria, ma collaborer\u00e0 anche per un progetto rivolto ai propri studenti: il Korea Lab, un laboratorio didattico esperienziale che porter\u00e0 gli allievi registi a seguire uno specifico percorso didattico che si conclude\u00a0con la produzione di un ciclo di cortometraggi. I corti verranno proposti a festival di cinema in Italia e in Corea.<\/p>\n","protected":false},"excerpt":{"rendered":"<p>L\u2019Ambasciata della Repubblica di Corea e l\u2019Istituto Culturale Coreano lanciano, per la prima volta, il concorso Corea in Camera, il video concorso, aperto a tutti, che premia i migliori e originali progetti per presentare i diversi aspetti della Corea, come cucina, turismo, cultura, cosmesi e sport, e la loro relazione con l\u2019Italia. Termine per presentare [&hellip;]<\/p>\n","protected":false},"author":6430,"featured_media":0,"comment_status":"open","ping_status":"open","sticky":false,"template":"","format":"standard","meta":{"footnotes":""},"categories":[3],"tags":[28077,28078,28079],"class_list":["post-53061","post","type-post","status-publish","format-standard","hentry","category-arte-e-cultura","tag-corea-in-camera","tag-istituto-culturale-coreano","tag-video-concorso"],"_links":{"self":[{"href":"https:\/\/www.area-press.eu\/comunicatistampa\/wp-json\/wp\/v2\/posts\/53061","targetHints":{"allow":["GET"]}}],"collection":[{"href":"https:\/\/www.area-press.eu\/comunicatistampa\/wp-json\/wp\/v2\/posts"}],"about":[{"href":"https:\/\/www.area-press.eu\/comunicatistampa\/wp-json\/wp\/v2\/types\/post"}],"author":[{"embeddable":true,"href":"https:\/\/www.area-press.eu\/comunicatistampa\/wp-json\/wp\/v2\/users\/6430"}],"replies":[{"embeddable":true,"href":"https:\/\/www.area-press.eu\/comunicatistampa\/wp-json\/wp\/v2\/comments?post=53061"}],"version-history":[{"count":1,"href":"https:\/\/www.area-press.eu\/comunicatistampa\/wp-json\/wp\/v2\/posts\/53061\/revisions"}],"predecessor-version":[{"id":53063,"href":"https:\/\/www.area-press.eu\/comunicatistampa\/wp-json\/wp\/v2\/posts\/53061\/revisions\/53063"}],"wp:attachment":[{"href":"https:\/\/www.area-press.eu\/comunicatistampa\/wp-json\/wp\/v2\/media?parent=53061"}],"wp:term":[{"taxonomy":"category","embeddable":true,"href":"https:\/\/www.area-press.eu\/comunicatistampa\/wp-json\/wp\/v2\/categories?post=53061"},{"taxonomy":"post_tag","embeddable":true,"href":"https:\/\/www.area-press.eu\/comunicatistampa\/wp-json\/wp\/v2\/tags?post=53061"}],"curies":[{"name":"wp","href":"https:\/\/api.w.org\/{rel}","templated":true}]}}