{"id":53041,"date":"2020-09-04T09:21:05","date_gmt":"2020-09-04T07:21:05","guid":{"rendered":"https:\/\/www.area-press.eu\/comunicatistampa\/?p=53041"},"modified":"2020-09-30T02:54:59","modified_gmt":"2020-09-30T00:54:59","slug":"miky-del-cambio-ali-di-cartone-e-il-nuovo-singolo-del-cantautore-potentino","status":"publish","type":"post","link":"https:\/\/www.area-press.eu\/comunicatistampa\/2020\/09\/04\/miky-del-cambio-ali-di-cartone-e-il-nuovo-singolo-del-cantautore-potentino\/","title":{"rendered":"MIKY DEL CAMBIO \u201cALI DI CARTONE\u201d \u00e8 il nuovo singolo del cantautore potentino"},"content":{"rendered":"<p><i><span style=\"font-weight: 400\">Dopo aver partecipato a prestigiosi concorsi musicali e aver aperto i concerti di Enzo Avitabile, Eugenio Bennato, Antonio Maggio, Mario Rosini e Tricarico, il giovane artista presenta un nuovo singolo fra pop e black music.<\/span><\/i><\/p>\n<p><img loading=\"lazy\" decoding=\"async\" class=\"alignnone size-medium aligncenter\" src=\"https:\/\/www.earone.it\/newsimages\/miky_del_cambio_ali_di_cartone.jpg___th_320_0.jpg\" width=\"320\" height=\"320\" \/><\/p>\n<p><i><span style=\"font-weight: 400\">\u00abA volte bisogna solo lasciarsi andare in amore. \u00c8 inutile cercare di chiudersi in una corazza. Nulla pu\u00f2 difenderci dall\u2019istinto di amare, tanto vale seguirlo e dargli ragione\u00bb. <\/span><\/i><b>Miky Del Cambio\u00a0<\/b><\/p>\n<p><b>\u201cAli di cartone\u201d<\/b><span style=\"font-weight: 400\"> \u00e8 un brano che, senza filtri e barriere, rappresenta l\u2019amore come unico modo di distruggere le \u201cali di cartone\u201d che spesso usiamo per proteggerci, a causa della paura di soffrire. Il singolo che abbraccia <\/span><b>pop e black music<\/b><span style=\"font-weight: 400\"> \u00e8 stato scritto e prodotto dallo stesso Del Cambio.\u00a0<\/span><\/p>\n<p>&nbsp;<\/p>\n<p><b>Radio date: 30 luglio 2020<\/b><\/p>\n<p><b>Etichetta:<\/b> <b>Tyrus Records (in licenza Rusty Records)<\/b><\/p>\n<p><b>BIO<\/b><\/p>\n<p>&nbsp;<\/p>\n<p><b>Miky Del Cambio<\/b><span style=\"font-weight: 400\">, nasce a <\/span><b>Potenza <\/b><span style=\"font-weight: 400\">il 10 novembre 1992. All\u2019et\u00e0 di 8 anni si avvicina al mondo del pianoforte da autodidatta e non lo abbandoner\u00e0 pi\u00f9. Sin da giovanissimo frequenta accademie musicali di alto calibro che lo portano a conoscere artisti di spessore della musica italiana, primo fra tutti, il M\u00b0 <\/span><b>Ciro Caravano<\/b><span style=\"font-weight: 400\"> del gruppo \u201cNeri per caso\u201d, che decide di renderlo solista del coro di Pop, fondato nella citt\u00e0 di Potenza. Da subito si dedica allo studio del <\/span><b>Rhythm &amp; Blues<\/b><span style=\"font-weight: 400\">, genere che lo ha accompagnato sin da bambino, grazie ai vinili presenti in casa. Miky inizia a scrivere i suoi brani all\u2019et\u00e0 di 16 anni e da allora non si \u00e8 mai fermato. Con le sue canzoni ha la fortuna di partecipare ed ottenere risultati molto soddisfacenti in molti concorsi nazionali, fra cui <\/span><b>Festival di Castrocaro, Area Sanremo, Premio Mia Martini, Tour Music Fest<\/b><span style=\"font-weight: 400\"> e tanti altri. <\/span><b>Apre<\/b><span style=\"font-weight: 400\"> anche numerosi concerti di artisti fra cui <\/span><b>Enzo Avitabile, Eugenio Bennato, Antonio Maggio, Mario Rosini, Tricarico<\/b><span style=\"font-weight: 400\">. La sua prima pubblicazione sugli store digitali risale al 2016 con un album dal titolo <\/span><b>\u201cIndescrivibile\u201d,<\/b><span style=\"font-weight: 400\"> contenente 9 brani. Subito dopo vengono rilasciati due singoli: <\/span><b>\u201cSnow\u201d e \u201cAd occhi chiusi\u201d.<\/b><span style=\"font-weight: 400\"> Nel 2017 scrive, produce e pubblica <\/span><b>l\u2019inno della squadra della sua citt\u00e0<\/b><span style=\"font-weight: 400\">, il <\/span><b>Potenza Calcio<\/b><span style=\"font-weight: 400\">, che viene pubblicato esclusivamente su Youtube con il titolo <\/span><b>\u201cDomenica per te\u201d.<\/b><span style=\"font-weight: 400\"> Da qui inizia a studiare e cercare nuove sonorit\u00e0 che possano ispirarlo e a creare le basi per uno studio di produzione discografica. Inizia il periodo di ricerca della giusta <\/span><b>fusione tra RnB, musica nera e pop<\/b><span style=\"font-weight: 400\">, e dopo un anno esce il singolo <\/span><b>\u201cIl tuo profumo addosso\u201d,<\/b><span style=\"font-weight: 400\"> che<\/span> <span style=\"font-weight: 400\">riscuote anche un discreto successo sugli store digitali arrivando a totalizzare i <\/span><b>10mila stream su Spotify<\/b><span style=\"font-weight: 400\">. Nel 2020 con distribuzione Artist First, vengono pubblicati altri due singoli: <\/span><b>\u201cIl viaggio\u201d<\/b><span style=\"font-weight: 400\"> (che supera i <\/span><b>130.000 stream<\/b><span style=\"font-weight: 400\"> sugli store digitali) e <\/span><b>\u201cA volte sbaglio a volte no\u201d <\/b><span style=\"font-weight: 400\">che resta per ben 3 mesi (dal 10 Aprile -radio date- fino a luglio) nella Indie Music Like del Mei, fino ad arrivare alla posizione N\u00b049 tra i singoli italiani pi\u00f9 trasmessi in radio. Il 30 luglio 2020 pubblica il singolo <\/span><b>\u201cAli di cartone\u201d.<\/b><\/p>\n<p>&nbsp;<\/p>\n<p><b>Contatti e social<\/b><\/p>\n<p>&nbsp;<\/p>\n<p><b>Facebook<\/b><\/p>\n<p><b>\u00a0<\/b><a href=\"https:\/\/www.facebook.com\/michele.delcambio\/\"><b>https:\/\/www.facebook.com\/michele.delcambio\/<\/b><\/a><\/p>\n<p><b>Instagram<\/b><\/p>\n<p><b>\u00a0<\/b><a href=\"https:\/\/www.instagram.com\/mikydelcambio92\/?hl=it\"><b>https:\/\/www.instagram.com\/mikydelcambio92\/?hl=it<\/b><\/a><\/p>\n<p><b>Canale Youtube<\/b><\/p>\n<p><a href=\"https:\/\/www.youtube.com\/channel\/UCKbTnaVc9mHxXKBSEDpdYaQ?sub_confirmation=1\"><b>https:\/\/www.youtube.com\/channel\/UCKbTnaVc9mHxXKBSEDpdYaQ?sub_confirmation=1<\/b><\/a><\/p>\n<p><b>Sito<\/b><\/p>\n<p><b>\u00a0<\/b><b>https:\/\/www.mikydelcambio.com\/<\/b><\/p>\n<p><b>Spotify\u00a0<\/b><\/p>\n<p><b>https:\/\/open.spotify.com\/artist\/4TkzZWJcVeZTzOwSFuebcT?autoplay=true&amp;v=A<\/b><\/p>\n<p><b>Twitter<\/b><\/p>\n<p><b>\u00a0<\/b><b>twitter.com\/mikydelcambio<\/b><\/p>\n<p><span style=\"font-weight: 400\">\u00a0<\/span><b>VEVO<\/b><\/p>\n<p><b>\u00a0<\/b><b>https:\/\/www.youtube.com\/channel\/UC8kGqZO1lPSy_acsc83N_Yg<\/b><\/p>\n<p>&nbsp;<\/p>\n","protected":false},"excerpt":{"rendered":"<p>Dopo aver partecipato a prestigiosi concorsi musicali e aver aperto i concerti di Enzo Avitabile, Eugenio Bennato, Antonio Maggio, Mario Rosini e Tricarico, il giovane artista presenta un nuovo singolo fra pop e black music. \u00abA volte bisogna solo lasciarsi andare in amore. \u00c8 inutile cercare di chiudersi in una corazza. Nulla pu\u00f2 difenderci dall\u2019istinto [&hellip;]<\/p>\n","protected":false},"author":4383,"featured_media":0,"comment_status":"open","ping_status":"open","sticky":false,"template":"","format":"standard","meta":{"footnotes":""},"categories":[12],"tags":[4244,27168,690],"class_list":["post-53041","post","type-post","status-publish","format-standard","hentry","category-musica","tag-cantautorato","tag-miky-del-cambio","tag-nuovo-singolo"],"_links":{"self":[{"href":"https:\/\/www.area-press.eu\/comunicatistampa\/wp-json\/wp\/v2\/posts\/53041","targetHints":{"allow":["GET"]}}],"collection":[{"href":"https:\/\/www.area-press.eu\/comunicatistampa\/wp-json\/wp\/v2\/posts"}],"about":[{"href":"https:\/\/www.area-press.eu\/comunicatistampa\/wp-json\/wp\/v2\/types\/post"}],"author":[{"embeddable":true,"href":"https:\/\/www.area-press.eu\/comunicatistampa\/wp-json\/wp\/v2\/users\/4383"}],"replies":[{"embeddable":true,"href":"https:\/\/www.area-press.eu\/comunicatistampa\/wp-json\/wp\/v2\/comments?post=53041"}],"version-history":[{"count":1,"href":"https:\/\/www.area-press.eu\/comunicatistampa\/wp-json\/wp\/v2\/posts\/53041\/revisions"}],"predecessor-version":[{"id":53042,"href":"https:\/\/www.area-press.eu\/comunicatistampa\/wp-json\/wp\/v2\/posts\/53041\/revisions\/53042"}],"wp:attachment":[{"href":"https:\/\/www.area-press.eu\/comunicatistampa\/wp-json\/wp\/v2\/media?parent=53041"}],"wp:term":[{"taxonomy":"category","embeddable":true,"href":"https:\/\/www.area-press.eu\/comunicatistampa\/wp-json\/wp\/v2\/categories?post=53041"},{"taxonomy":"post_tag","embeddable":true,"href":"https:\/\/www.area-press.eu\/comunicatistampa\/wp-json\/wp\/v2\/tags?post=53041"}],"curies":[{"name":"wp","href":"https:\/\/api.w.org\/{rel}","templated":true}]}}