{"id":5239,"date":"2016-01-15T13:00:04","date_gmt":"2016-01-15T12:00:04","guid":{"rendered":"http:\/\/www.area-press.eu\/comunicatistampa\/?p=5239"},"modified":"2016-01-15T13:00:04","modified_gmt":"2016-01-15T12:00:04","slug":"adhr-talent-candidature-fino-al-31-gennaio","status":"publish","type":"post","link":"https:\/\/www.area-press.eu\/comunicatistampa\/2016\/01\/15\/adhr-talent-candidature-fino-al-31-gennaio\/","title":{"rendered":"ADHR Talent, candidature fino al 31 gennaio"},"content":{"rendered":"<p>Ci sono ancora diversi giorni per partecipare ad <em>ADHR Talent<\/em> inviando il curriculum e un video motivazionale all\u2019agenzia per il lavoro di Castel Maggiore (BO) che lo scorso novembre ha lanciato la seconda edizione dell\u2019iniziativa. Il termine per le candidature \u00e8 stato prorogato al 31 gennaio per dare pi\u00f9 tempo agli under 29 di tutta Italia di partecipare. Ad oggi sono gi\u00e0 pervenute oltre 200 presentazioni.<\/p>\n<p><em>ADHR Talent<\/em> \u00e8 il format ideato da ADHR Group per selezionare ed assumere giovani laureati tra i 24 e i 29 anni. Dopo un percorso di alta formazione in Gestione delle Risorse Umane e uno stage di sei mesi i selezionati potrebbero essere inquadrati all\u2019interno dell\u2019Agenzia.<\/p>\n<p>Per partecipare al talent \u00e8 necessario inviare, attraverso il link <a href=\"http:\/\/www.adhr.it\/adhrtalent\">www.adhr.it\/adhrtalent<\/a>, il curriculum e un video motivazionale di 120 secondi che presenti il candidato e spieghi, possibilmente in maniera originale, le ragioni che dovrebbero portare l\u2019azienda a sceglierlo.<\/p>\n<p>Al termine di questa prima fase, ossia a partire dal primo febbraio, una commissione interna selezioner\u00e0 20 profili pi\u00f9 interessanti e li convocher\u00e0 per un assessment e un successivo colloquio individuale nella sede centrale di ADHR Group a Castel Maggiore (Bo). I migliori 8 avranno la possibilit\u00e0 di partecipare ad un percorso di alta formazione in Gestione delle Risorse Umane di 96 ore full time completamente gratuito che si terr\u00e0 a Bologna dal 15 febbraio al 1 marzo (i corsisti saranno ospiti di ADHR Group anche per le spese di permanenza in citt\u00e0). Al termine del percorso formativo e dei 6 mesi del successivo tirocinio, gli allievi pi\u00f9 meritevoli saranno inseriti all\u2019interno delle filiali ADHR Group di Piemonte, Lombardia, Veneto, Emilia-Romagna e Toscana, dove ricopriranno il ruolo di Account Manager.<\/p>\n<p>Lo stesso ruolo che potrebbero ricoprire a breve i partecipanti alla prima edizione di ADHR Talent. Gli 8 selezionati del 2015 (di cui 6 ragazze e 2 ragazzi) hanno, infatti, iniziato il tirocinio tra Emilia Romagna (Bologna, Fiorano &#8211; Mo, Modena, Reggio Emilia), Lombardia (Milano, Seregno &#8211; MB), Piemonte (Torino) e Toscana (Pontedera &#8211; Pi).<\/p>\n<p>Per informazioni generali sul progetto: <a href=\"mailto:adhrtalent@adhr.it\">adhrtalent@adhr.it<\/a><\/p>\n<p>Maggiori informazioni sulla prima edizione di ADHR Talent: <a href=\"http:\/\/www.adhr.it\/category\/adhr-talent\/\">http:\/\/www.adhr.it\/category\/adhr-talent\/<\/a><\/p>\n<p><strong><u>Ufficio stampa &#8211; KOALASTUDIO GIORNALISTI ASSOCIATI<\/u><\/strong><\/p>\n<p>Veronica de Capoa \u2013 349 8110044 \u2013 veronica.decapoa@koalastudio.it<\/p>\n<p>Rossella Pressi \u2013 338 3391431 \u2013 rossella.pressi@koalastudio.it<\/p>\n","protected":false},"excerpt":{"rendered":"<p>Ci sono ancora diversi giorni per partecipare ad ADHR Talent inviando il curriculum e un video motivazionale all\u2019agenzia per il lavoro di Castel Maggiore (BO) che lo scorso novembre ha lanciato la seconda edizione dell\u2019iniziativa. Il termine per le candidature \u00e8 stato prorogato al 31 gennaio per dare pi\u00f9 tempo agli under 29 di tutta [&hellip;]<\/p>\n","protected":false},"author":855,"featured_media":0,"comment_status":"open","ping_status":"open","sticky":false,"template":"","format":"standard","meta":{"footnotes":""},"categories":[11],"tags":[1104,1532,1435,727],"class_list":["post-5239","post","type-post","status-publish","format-standard","hentry","category-lavoro","tag-agenzie-per-il-lavoro","tag-corsi","tag-formazione","tag-lavoro"],"_links":{"self":[{"href":"https:\/\/www.area-press.eu\/comunicatistampa\/wp-json\/wp\/v2\/posts\/5239","targetHints":{"allow":["GET"]}}],"collection":[{"href":"https:\/\/www.area-press.eu\/comunicatistampa\/wp-json\/wp\/v2\/posts"}],"about":[{"href":"https:\/\/www.area-press.eu\/comunicatistampa\/wp-json\/wp\/v2\/types\/post"}],"author":[{"embeddable":true,"href":"https:\/\/www.area-press.eu\/comunicatistampa\/wp-json\/wp\/v2\/users\/855"}],"replies":[{"embeddable":true,"href":"https:\/\/www.area-press.eu\/comunicatistampa\/wp-json\/wp\/v2\/comments?post=5239"}],"version-history":[{"count":2,"href":"https:\/\/www.area-press.eu\/comunicatistampa\/wp-json\/wp\/v2\/posts\/5239\/revisions"}],"predecessor-version":[{"id":5241,"href":"https:\/\/www.area-press.eu\/comunicatistampa\/wp-json\/wp\/v2\/posts\/5239\/revisions\/5241"}],"wp:attachment":[{"href":"https:\/\/www.area-press.eu\/comunicatistampa\/wp-json\/wp\/v2\/media?parent=5239"}],"wp:term":[{"taxonomy":"category","embeddable":true,"href":"https:\/\/www.area-press.eu\/comunicatistampa\/wp-json\/wp\/v2\/categories?post=5239"},{"taxonomy":"post_tag","embeddable":true,"href":"https:\/\/www.area-press.eu\/comunicatistampa\/wp-json\/wp\/v2\/tags?post=5239"}],"curies":[{"name":"wp","href":"https:\/\/api.w.org\/{rel}","templated":true}]}}