{"id":52049,"date":"2020-07-25T16:27:29","date_gmt":"2020-07-25T14:27:29","guid":{"rendered":"https:\/\/www.area-press.eu\/comunicatistampa\/?p=52049"},"modified":"2020-08-09T23:35:21","modified_gmt":"2020-08-09T21:35:21","slug":"zic-in-radio-e-nei-digital-store-il-nuovo-singolo-over-the-top","status":"publish","type":"post","link":"https:\/\/www.area-press.eu\/comunicatistampa\/2020\/07\/25\/zic-in-radio-e-nei-digital-store-il-nuovo-singolo-over-the-top\/","title":{"rendered":"ZIC: in radio e nei digital store il nuovo singolo &#8220;OVER THE TOP&#8221;"},"content":{"rendered":"<p align=\"left\"><span style=\"font-family: Century Gothic, sans-serif\"><span style=\"color: #000000\"><span style=\"font-size: medium\">Disponibile da <\/span><\/span><span style=\"color: #000000\"><span style=\"font-size: medium\">venerd\u00ec 24<\/span><\/span><span style=\"color: #000000\"><span style=\"font-size: medium\">\u00a0in tutti i digital store\u00a0<\/span><\/span><span style=\"color: #000000\"><span style=\"font-size: medium\"><b>OVER THE TOP<\/b><\/span><\/span><b>\u00a0<\/b><span style=\"color: #000000\"><span style=\"font-size: medium\">il nuovo\u00a0<\/span><\/span><span style=\"color: #000000\"><span style=\"font-size: medium\">singolo<\/span><\/span><span style=\"color: #000000\"><span style=\"font-size: medium\">\u00a0di\u00a0<\/span><\/span><b>ZIC\u00a0<\/b>tratto dal nuovo album<b> SMARTIES\u00a0<\/b><span style=\"color: #000000\"><span style=\"font-size: medium\">(Bonshakara distr. Believe Digital).<\/span><\/span><\/span><\/p>\n<p align=\"left\">\u201c<span style=\"font-family: Century Gothic, sans-serif\"><b>Over the top\u00a0<\/b><i>\u00e8 il pezzo dove sono riuscito a raccontare pi\u00f9 cose, \u00e8 affollato di pensieri, immagini, ricordi e a volte penso sia la migliore canzone che abbia mai scritto<\/i>\u00a0\u2013\u00a0<b>racconta Zic.<\/b>\u00a0<em>Per questa traccia avevo bisogno di un video che trascendesse la realt\u00e0, in grado di traghettarti direttamente nel mondo delle idee.<\/em><br \/>\n<em>Non avevo bisogno di qualcuno che cercasse banalmente di riportare la storia e le immagini da me descritte, volevo che la musica fosse di ispirazione per la pura creativit\u00e0 di un un altro Artista. Non mi ci \u00e8 voluto molto a capire chi volevo accanto per realizzare tutto questo, Mattia Monteduro oltre ad essere un mio amico \u00e8 un genio, un pittore, un animatore straordinario, era lui quello giusto.\u00a0Quando l&#8217;ho chiamato per chiedere se poteva interessargli l&#8217;idea il suo entusiasmo mi ha commosso, perch\u00e9 \u00e8 sempre bello vedere qualcuno che affronta le cose sospinto dalla tua stessa passione. Gli dissi, che doveva dimenticarsi del testo, la canzone non doveva essere un limite ma piuttosto un veicolo per i suoi pensieri, per la sua vita. Matti ha ascoltato\u00a0<b>Over the top,\u00a0<\/b>l&#8217;ha interiorizzata e poi ha reagito. Questa canzone non \u00e8 pi\u00f9 solo affar mio, ci sono le vite di due ragazzi che coesistono in un equilibrio poetico e bellissimo. Ho chiesto a Matti se poteva scrivere qualche riga a proposito del video e lui mi ha accontentato, perci\u00f2 vi lascio con le parole dell&#8217; unico autore e protagonista di questo piccolo <\/em><em>capolavoro&#8221;.<\/em><\/span><\/p>\n<p align=\"left\"><span style=\"font-family: Century Gothic, sans-serif\"><b>Over the top<\/b>\u00a0\u00e8 anche un videoclip molto autobiografico!<\/span><\/p>\n<p align=\"left\"><span style=\"font-family: Century Gothic, sans-serif\"><br \/>\n&#8220;<i>Non mentir\u00f2: vedere la faccia confusa sul volto di chi finisce di guardare il video di\u00a0<\/i><i><b>Over The Top<\/b><\/i><i>\u00a0mi diverte&#8230; il senso di confusione era la reazione a cui ambivo. Ma non voglio che ci sia solo disorientamento, ci tengo a dare anche qualche spiegazione: Sono io, l\u2019intero video \u00e8 la mia storia. Mi rendo conto che faccia storcere un po\u2019 il naso un\u2019affermazione del genere, specialmente dopo aver visto un video di teste fluttuanti che si mangiano a vicenda, ma \u00e8 la verit\u00e0. L\u2019infinita lotta contro me stesso, il tentativo di anestetizzarmi dal dolore con ogni mezzo possibile, la mia infanzia&#8230; sono tutte cose che sono presenti all\u2019interno del video; in pratica \u00e8 un riassunto delle mie emozioni pi\u00f9 difficili. Aprirsi agli altri \u00e8 una cosa che trovo difficile, per una volta volevo che fosse semplice, volevo qualcosa di diretto, che trasmettesse i miei sentimenti senza necessariamente spiegarli. Sentivo<br \/>\ndi aver bisogno di espormi, di mostrare quella parte emotiva e sofferente che a volte non ha modo di esistere. Un lato di me che ho cercato di nascondere per troppo tempo e che adesso non voglio nascondere pi\u00f9<\/i>.&#8221;<\/span><\/p>\n<p><span style=\"font-family: Century Gothic, sans-serif\"><br \/>\n<\/span><\/p>\n<p align=\"left\"><span style=\"font-family: Century Gothic, sans-serif\"><u>Bio:<\/u><\/span><\/p>\n<p align=\"justify\"><b>Lorenzo Ciolini<\/b>, in arte\u00a0<b>ZIC<\/b>, perch\u00e9 da piccolo era grande fan di un cartone animato che aveva come protagonista un ragazzino asmatico e un po\u2019 sfigato, esattamente come lui. Nato a Firenze, classe 1997.\u00a0&#8220;<i>Sono l\u2019unico figlio di due architetti e sono sempre stato un bravo ragazzo, depresso ma bravo, e la musica \u00e8 stata importante fin da subito, soprattutto grazie a mio padre, che mi ha cresciuto a pane Dire Straits, e Deep Purple. Ho cominciato a suonare la chitarra all\u2019et\u00e0 di dieci anni ed \u00e8 stata la svolta della mia vita, mi sono subito reso conto che era ci\u00f2 che dovevo fare. Tutto a un tratto non ero pi\u00f9 solo il bambino pi\u00f9 basso della classe, quello che tutti si sentono in dovere di prendere in giro&#8230; Cominciai a studiare chitarra elettrica nel 2009 e il mio idolo era Hendrix. Nel 2014 sentii il bisogno di cominciare a scrivere canzoni; l\u2019unico problema era che la mia voce era davvero molto timida, somigliava a un sibilo, cos\u00ec nel 2016 iniziai a studiare canto. A marzo dello stesso anno avvenne l\u2019incontro speciale con il produttore Pio Stefanini, con il quale inizi\u00f2 il sodalizio artistico che spero vada avanti fino al giorno della mia morte. Lui mi ha dato la possibilit\u00e0 di raccontare esattamente ci\u00f2 che sono, parola per parola, senza aver paura. Grazie alla sua esperienza sono cresciuto moltissimo, ci siamo influenzati a vicenda e dopo pi\u00f9 di un anno di lavoro insieme, giorni e notti passate in studio ormai siamo una cosa sola. Inoltre sempre grazie a lui ho avuto la possibilit\u00e0 di conoscere, di confrontarmi e perfino in certi casi di collaborare con grandi artisti. I<\/i><i>l 25 maggio 2018 \u00e8 uscito il mio primo cd \u201cFaceva caldo\u201d. A settembre 2018, insieme a Pio Stefanini, Mike Defunto e Jared Leti, ho fondato la\u00a0<b>trib\u00f9 Bonshakara,<\/b>\u00a0una sorta di\u00a0 factory\/famiglia dove la musica \u00e8 al centro di tutto. Il primo singolo prodotto dall&#8217;etichetta Bonshakara \u00e8 stato &#8220;Rotelle&#8221; pubblicato lo scorso 29 marzo 2019. Maggio 2020 \u00e8 uscito il mio secondo album\u00a0<b>Smarties<\/b><\/i><b>.<\/b><\/p>\n","protected":false},"excerpt":{"rendered":"<p>Disponibile da venerd\u00ec 24\u00a0in tutti i digital store\u00a0OVER THE TOP\u00a0il nuovo\u00a0singolo\u00a0di\u00a0ZIC\u00a0tratto dal nuovo album SMARTIES\u00a0(Bonshakara distr. Believe Digital). \u201cOver the top\u00a0\u00e8 il pezzo dove sono riuscito a raccontare pi\u00f9 cose, \u00e8 affollato di pensieri, immagini, ricordi e a volte penso sia la migliore canzone che abbia mai scritto\u00a0\u2013\u00a0racconta Zic.\u00a0Per questa traccia avevo bisogno di un [&hellip;]<\/p>\n","protected":false},"author":6401,"featured_media":0,"comment_status":"open","ping_status":"open","sticky":false,"template":"","format":"standard","meta":{"footnotes":""},"categories":[12],"tags":[],"class_list":["post-52049","post","type-post","status-publish","format-standard","hentry","category-musica"],"_links":{"self":[{"href":"https:\/\/www.area-press.eu\/comunicatistampa\/wp-json\/wp\/v2\/posts\/52049","targetHints":{"allow":["GET"]}}],"collection":[{"href":"https:\/\/www.area-press.eu\/comunicatistampa\/wp-json\/wp\/v2\/posts"}],"about":[{"href":"https:\/\/www.area-press.eu\/comunicatistampa\/wp-json\/wp\/v2\/types\/post"}],"author":[{"embeddable":true,"href":"https:\/\/www.area-press.eu\/comunicatistampa\/wp-json\/wp\/v2\/users\/6401"}],"replies":[{"embeddable":true,"href":"https:\/\/www.area-press.eu\/comunicatistampa\/wp-json\/wp\/v2\/comments?post=52049"}],"version-history":[{"count":1,"href":"https:\/\/www.area-press.eu\/comunicatistampa\/wp-json\/wp\/v2\/posts\/52049\/revisions"}],"predecessor-version":[{"id":52050,"href":"https:\/\/www.area-press.eu\/comunicatistampa\/wp-json\/wp\/v2\/posts\/52049\/revisions\/52050"}],"wp:attachment":[{"href":"https:\/\/www.area-press.eu\/comunicatistampa\/wp-json\/wp\/v2\/media?parent=52049"}],"wp:term":[{"taxonomy":"category","embeddable":true,"href":"https:\/\/www.area-press.eu\/comunicatistampa\/wp-json\/wp\/v2\/categories?post=52049"},{"taxonomy":"post_tag","embeddable":true,"href":"https:\/\/www.area-press.eu\/comunicatistampa\/wp-json\/wp\/v2\/tags?post=52049"}],"curies":[{"name":"wp","href":"https:\/\/api.w.org\/{rel}","templated":true}]}}