{"id":51912,"date":"2020-07-21T21:01:56","date_gmt":"2020-07-21T19:01:56","guid":{"rendered":"https:\/\/www.area-press.eu\/comunicatistampa\/?p=51912"},"modified":"2020-07-21T21:01:56","modified_gmt":"2020-07-21T19:01:56","slug":"101caffe-partner-di-pro-biennale-larte-a-venezia-riparte-dopo-la-pandemia","status":"publish","type":"post","link":"https:\/\/www.area-press.eu\/comunicatistampa\/2020\/07\/21\/101caffe-partner-di-pro-biennale-larte-a-venezia-riparte-dopo-la-pandemia\/","title":{"rendered":"101CAFFE\u2019 partner di Pro Biennale: l\u2019arte a Venezia riparte dopo la pandemia"},"content":{"rendered":"<p>A partire dal 23 Luglio fino al 7 Agosto 2020, Pro Biennale incontra Venezia, prestigioso appuntamento organizzato dal manager Salvo Nugnes, curatore di mostre e grandi eventi, a cura del noto critico d\u2019arte Vittorio Sgarbi. Quest\u2019anno pi\u00f9 che mai l\u2019evento artistico lancia un chiaro segnale: l\u2019arte italiana riparte dopo la pandemia, proprio nella citt\u00e0 lagunare che ospita la prima vera rassegna d\u2019arte contemporanea a dare un esplicito segno di ripresa, in uno dei settori che pi\u00f9 sono stati attaccati dall\u2019emergenza sanitaria.\u00a0 Per questa edizione i riflettori si accendono allo Spoleto Pavilion, presso Palazzo Ivancich, Castello 4421, a pochi passi da piazza San Marco. \u00a0La kermesse coinvolge esperti, giornalisti, appassionati, personalit\u00e0 di spicco dello spettacolo e della cultura e quest\u2019anno anche il contributo del sindaco di Venezia Luigi Brugnaro e del Presidente della Regione Veneto Luca Zaia, un vero e proprio osservatorio sull\u2019arte contemporanea che accoglie le opere di un centinaio di artisti. In questo illustre scenario si consolida, per il terzo anno consecutivo, la partnership tra Spoleto Arte e 101CAFFE\u2019 che presenta la propria espressione d\u2019arte ad un pubblico internazionale attento ed autorevole.<\/p>\n<p>L\u2019arte \u00e8 sicuramente tra i settori maggiormente colpiti, ma si \u00e8 adeguata e ha reagito, aprendosi a tutte le forme di espressione consentite dal momento: istituzioni e musei hanno prodotto un\u2019ingente quantit\u00e0 di materiali virtuali attraverso social e siti che, grazie a video, interviste, dirette, visite online alle collezioni, hanno permesso ad ogni forma d\u2019arte di entrare nelle case delle gente.<\/p>\n<p>Nell\u2019ambito di una prestigiosa vetrina, che valorizza l\u2019arte a livello internazionale, 101CAFFE\u2019 promuove l\u2019eccellenza del caff\u00e8 italiano, grazie all\u2019unicit\u00e0 dei suoi aromi e alle specificit\u00e0 del caff\u00e8 espresso di qualit\u00e0, proveniente dalle torrefazioni artigianali d&#8217;eccellenza del nostro Paese. L\u2019azienda si conferma il primario marchio italiano specializzato nella vendita di caff\u00e8 in tutte le sue forme, tramite la sua rete di negozi in franchising con cui condivide il gusto e la passione per il Made in Italy. Con questo spirito si iscrive la partecipazione di 101CAFFE\u2019 a questa edizione della Pro Biennale, un\u2019edizione davvero speciale poich\u00e9 segna la ripresa del \u201cmotore\u201d artistico: in uno spazio dedicato, trovano espressione miscele esclusive, vere opere d&#8217;arte dei Maestri Torrefattori per 101CAFFE&#8217;, oltre ad un vasto assortimento di bevande alternative, tutte rigorosamente made in Italy, offerte a ogni ospite.<\/p>\n<p><em>\u201cSiamo onorati di poter condividere la missione di cui Pro Biennale da anni si fa promotrice, ossia l\u2019arte e la cultura fruibili a tutti, cos\u00ec come il caff\u00e8, che negli anni ha conquistato tutti i ceti sociali e che proprio nell\u2019arte ha trovato la sua naturale rappresentazione, in tante opere che portano con s\u00e9 il profumo di questa bevanda. L\u2019arte \u00e8 capace di empatia, solidariet\u00e0, rispetto, che diventa metafora del mondo che stiamo vivendo e pu\u00f2 superare qualsiasi pandemia. Il nostro particolare ringraziamento va a Salvo Nugnes, curatore di questa mostra e di altri grandi eventi, che in questi anni di collaborazione ci ha fatto capire come l\u2019arte sia la pi\u00f9 bella terapia, in grado di alleggerire i nostri animi, soprattutto in questo periodo, a Spoleto Arte e a tutta l\u2019organizzazione che ci ha ospitato in un evento artistico che si impone come una base di ripartenza dell\u2019arte italiana\u201d, <\/em>sono le parole di Umberto Gonnella, CEO e fondatore di 101CAFFE\u2019.<\/p>\n","protected":false},"excerpt":{"rendered":"<p>A partire dal 23 Luglio fino al 7 Agosto 2020, Pro Biennale incontra Venezia, prestigioso appuntamento organizzato dal manager Salvo Nugnes, curatore di mostre e grandi eventi, a cura del noto critico d\u2019arte Vittorio Sgarbi. Quest\u2019anno pi\u00f9 che mai l\u2019evento artistico lancia un chiaro segnale: l\u2019arte italiana riparte dopo la pandemia, proprio nella citt\u00e0 lagunare [&hellip;]<\/p>\n","protected":false},"author":3367,"featured_media":0,"comment_status":"open","ping_status":"open","sticky":false,"template":"","format":"standard","meta":{"footnotes":""},"categories":[3],"tags":[],"class_list":["post-51912","post","type-post","status-publish","format-standard","hentry","category-arte-e-cultura"],"_links":{"self":[{"href":"https:\/\/www.area-press.eu\/comunicatistampa\/wp-json\/wp\/v2\/posts\/51912","targetHints":{"allow":["GET"]}}],"collection":[{"href":"https:\/\/www.area-press.eu\/comunicatistampa\/wp-json\/wp\/v2\/posts"}],"about":[{"href":"https:\/\/www.area-press.eu\/comunicatistampa\/wp-json\/wp\/v2\/types\/post"}],"author":[{"embeddable":true,"href":"https:\/\/www.area-press.eu\/comunicatistampa\/wp-json\/wp\/v2\/users\/3367"}],"replies":[{"embeddable":true,"href":"https:\/\/www.area-press.eu\/comunicatistampa\/wp-json\/wp\/v2\/comments?post=51912"}],"version-history":[{"count":1,"href":"https:\/\/www.area-press.eu\/comunicatistampa\/wp-json\/wp\/v2\/posts\/51912\/revisions"}],"predecessor-version":[{"id":51913,"href":"https:\/\/www.area-press.eu\/comunicatistampa\/wp-json\/wp\/v2\/posts\/51912\/revisions\/51913"}],"wp:attachment":[{"href":"https:\/\/www.area-press.eu\/comunicatistampa\/wp-json\/wp\/v2\/media?parent=51912"}],"wp:term":[{"taxonomy":"category","embeddable":true,"href":"https:\/\/www.area-press.eu\/comunicatistampa\/wp-json\/wp\/v2\/categories?post=51912"},{"taxonomy":"post_tag","embeddable":true,"href":"https:\/\/www.area-press.eu\/comunicatistampa\/wp-json\/wp\/v2\/tags?post=51912"}],"curies":[{"name":"wp","href":"https:\/\/api.w.org\/{rel}","templated":true}]}}