{"id":51717,"date":"2020-07-14T15:52:03","date_gmt":"2020-07-14T13:52:03","guid":{"rendered":"https:\/\/www.area-press.eu\/comunicatistampa\/?p=51717"},"modified":"2020-07-14T15:52:03","modified_gmt":"2020-07-14T13:52:03","slug":"enel-piano-al-2030-a-novembre-francesco-starace-e-michele-crisostomo-a-il-sole-24-ore","status":"publish","type":"post","link":"https:\/\/www.area-press.eu\/comunicatistampa\/2020\/07\/14\/enel-piano-al-2030-a-novembre-francesco-starace-e-michele-crisostomo-a-il-sole-24-ore\/","title":{"rendered":"Enel, piano al 2030 a novembre: Francesco Starace e Michele Crisostomo a \u201cIl Sole 24 Ore\u201d"},"content":{"rendered":"<p><em><strong>La sostenibilit\u00e0 in risposta all&#8217;emergenza economica e la definizione di un piano che proietti Enel nel 2030: l&#8217;intervista de &#8220;Il Sole 24 Ore&#8221; all&#8217;AD <a title=\"Francesco Starace, AD Enel, presenta piano industriale al sole 24 ore\" href=\"https:\/\/www.ilsole24ore.com\/art\/crisostomo-e-starace-pandemia-sconfitta-la-sostenibilita-piano-enel-10-anni-ADLqQTS\">Francesco Starace<\/a> e al Presidente Michele Crisostomo.<\/strong><\/em><\/p>\n<p><a title=\"Francesco Starace, piano industriale enel decennale\" href=\"https:\/\/www.ilsole24ore.com\/art\/crisostomo-e-starace-pandemia-sconfitta-la-sostenibilita-piano-enel-10-anni-ADLqQTS\"><img decoding=\"async\" src=\"https:\/\/www.francescostarace.it\/content\/dam\/enel-ceo\/francesco-starace.jpg\" alt=\"Francesco Starace\" width=\"120\" \/><\/a><\/p>\n<h2>Francesco Starace a &#8220;Il Sole 24 Ore&#8221;: a novembre il nuovo piano industriale di Enel sar\u00e0 decennale<\/h2>\n<p>Enel risponde all&#8217;emergenza Coronavirus lanciando il prossimo novembre un piano decennale. Lo annuncia l&#8217;AD <strong>Francesco Starace<\/strong> in un&#8217;intervista rilasciata a &#8220;Il Sole 24 Ore&#8221;. Sapere cosa cambia andando avanti \u00e8 pressoch\u00e9 impossibile al momento &#8220;perch\u00e9 l&#8217;Italia \u00e8 il primo grande Paese che ha fatto un lockdown serio e poi ha aperto&#8221; e <em>&#8220;tutti stanno guardando l&#8217;Italia per capire cosa fare o non fare&#8221;<\/em>. Ma in questi mesi <em>&#8220;la digitalizzazione ci ha fatto fare un salto nel tempo di tre anni&#8221;<\/em> e in Enel, come osserva l&#8217;AD, <em>&#8220;abbiamo capito quanto la piattaforma che abbiamo costruito ci pu\u00f2 portare avanti&#8221;<\/em>. Da qui la decisione di accelerare sugli investimenti e ancor pi\u00f9 la digitalizzazione. Quali saranno i nuovi target della nuova strategia lo si sapr\u00e0 a novembre: <em>&#8220;Allora sar\u00e0 chiaro che per le aziende uscite in buona salute da questa crisi nel 2021 si aprir\u00e0 una fase di opportunit\u00e0 da cogliere. I prossimi mesi ci serviranno per verificare se avremo superato gli effetti dell&#8217;impatto economico e le incertezze rispetto all&#8217;assetto lavorativo (Enel ha 37 mila dipendenti in smartworking, ndr) e come usciranno dalla pandemia paesi che sono ancora in pieno marasma, come il Brasile e gli Stati Uniti. Se a fine anno questi quesiti saranno, come penso, abbastanza chiariti, a novembre avremo un piano industriale interessante&#8221;<\/em>. L&#8217;orizzonte temporale, come ribadisce <strong>Francesco Starace<\/strong> nell&#8217;intervista rilasciata insieme al Presidente Michele Crisostomo, quest&#8217;anno sar\u00e0 decennale <em>&#8220;per definire come vogliamo che sia Enel nel 2030&#8221;<\/em>.<\/p>\n<h2>Francesco Starace: contro gli effetti della pandemia la direzione da percorrere \u00e8 quella della sostenibilit\u00e0<\/h2>\n<p>Nell&#8217;intervista a &#8220;Il Sole 24 Ore&#8221; l&#8217;AD di Enel <strong><a title=\"Francesco Starace, intervista il sole 24 ore piano industriale enel\" href=\"https:\/\/www.ilsole24ore.com\/art\/crisostomo-e-starace-pandemia-sconfitta-la-sostenibilita-piano-enel-10-anni-ADLqQTS\">Francesco Starace<\/a><\/strong> apre alla possibilit\u00e0 di nuove acquisizioni, anche nel comparto dei pagamenti: <em>&#8220;Quando costruisci un business basato su una piattaforma che ha decine di milioni di clienti, \u00e8 naturale estenderla a business complementari che possono produrre sinergie. In Colombia abbiamo da circa 15 anni un sistema di carte di debito sulle quali \u00e8 caricata la bolletta, che \u00e8 il pi\u00f9 diffuso nel Paese. Un modello che possiamo esportare anche in Italia. \u00c8 una potenziale area trasversale di business nella quale crescere&#8221;<\/em>. E insieme al Presidente di Enel, l&#8217;AD <strong>Francesco Starace<\/strong> ha parlato anche dell&#8217;impatto dell&#8217;emergenza sugli impegni presi in precedenza sul fronte della sostenibilit\u00e0. <em>&#8220;Il Covid-19 sta accelerando il percorso verso la sostenibilit\u00e0. L&#8217;Unione europea sta ragionando su un Recovery fund da mille miliardi vincolando i fondi al green package e alla digitalizzazione&#8221;<\/em> ha evidenziato in merito l&#8217;AD lanciando un messaggio: <em>&#8220;Questa pandemia ha dimostrato che le imprese sostenibili sono pi\u00f9 resistenti. Sprecare questa crisi per tornare indietro sarebbe una follia&#8221;<\/em>.<\/p>\n","protected":false},"excerpt":{"rendered":"<p>La sostenibilit\u00e0 in risposta all&#8217;emergenza economica e la definizione di un piano che proietti Enel nel 2030: l&#8217;intervista de &#8220;Il Sole 24 Ore&#8221; all&#8217;AD Francesco Starace e al Presidente Michele Crisostomo. Francesco Starace a &#8220;Il Sole 24 Ore&#8221;: a novembre il nuovo piano industriale di Enel sar\u00e0 decennale Enel risponde all&#8217;emergenza Coronavirus lanciando il prossimo [&hellip;]<\/p>\n","protected":false},"author":3920,"featured_media":0,"comment_status":"open","ping_status":"open","sticky":false,"template":"","format":"standard","meta":{"footnotes":""},"categories":[5,29],"tags":[12227,10926],"class_list":["post-51717","post","type-post","status-publish","format-standard","hentry","category-aziendali","category-comunicati","tag-enel","tag-francesco-starace"],"_links":{"self":[{"href":"https:\/\/www.area-press.eu\/comunicatistampa\/wp-json\/wp\/v2\/posts\/51717","targetHints":{"allow":["GET"]}}],"collection":[{"href":"https:\/\/www.area-press.eu\/comunicatistampa\/wp-json\/wp\/v2\/posts"}],"about":[{"href":"https:\/\/www.area-press.eu\/comunicatistampa\/wp-json\/wp\/v2\/types\/post"}],"author":[{"embeddable":true,"href":"https:\/\/www.area-press.eu\/comunicatistampa\/wp-json\/wp\/v2\/users\/3920"}],"replies":[{"embeddable":true,"href":"https:\/\/www.area-press.eu\/comunicatistampa\/wp-json\/wp\/v2\/comments?post=51717"}],"version-history":[{"count":1,"href":"https:\/\/www.area-press.eu\/comunicatistampa\/wp-json\/wp\/v2\/posts\/51717\/revisions"}],"predecessor-version":[{"id":51718,"href":"https:\/\/www.area-press.eu\/comunicatistampa\/wp-json\/wp\/v2\/posts\/51717\/revisions\/51718"}],"wp:attachment":[{"href":"https:\/\/www.area-press.eu\/comunicatistampa\/wp-json\/wp\/v2\/media?parent=51717"}],"wp:term":[{"taxonomy":"category","embeddable":true,"href":"https:\/\/www.area-press.eu\/comunicatistampa\/wp-json\/wp\/v2\/categories?post=51717"},{"taxonomy":"post_tag","embeddable":true,"href":"https:\/\/www.area-press.eu\/comunicatistampa\/wp-json\/wp\/v2\/tags?post=51717"}],"curies":[{"name":"wp","href":"https:\/\/api.w.org\/{rel}","templated":true}]}}