{"id":51438,"date":"2020-07-03T16:00:17","date_gmt":"2020-07-03T14:00:17","guid":{"rendered":"https:\/\/www.area-press.eu\/comunicatistampa\/?p=51438"},"modified":"2020-07-03T16:00:17","modified_gmt":"2020-07-03T14:00:17","slug":"serenissima-ristorazione-a-luglio-lapertura-dello-stabilimento-di-vercelli","status":"publish","type":"post","link":"https:\/\/www.area-press.eu\/comunicatistampa\/2020\/07\/03\/serenissima-ristorazione-a-luglio-lapertura-dello-stabilimento-di-vercelli\/","title":{"rendered":"Serenissima Ristorazione: a luglio l\u2019apertura dello stabilimento di Vercelli"},"content":{"rendered":"<p><em><strong>In un momento storico in cui la ristorazione collettiva \u00e8 in crisi a causa della pandemia, <a href=\"https:\/\/it-it.facebook.com\/grupposerenissima.it\/\" title=\"Serenissima Ristorazione, facebook\">Serenissima Ristorazione<\/a> investe a Vercelli.<\/strong><\/em><\/p>\n<p><a href=\"https:\/\/it-it.facebook.com\/grupposerenissima.it\/\" title=\"Serenissima Ristorazione, facebook\"><img loading=\"lazy\" decoding=\"async\" alt=\"Serenissima Ristorazione\" height=\"110\" src=\"https:\/\/www.grupposerenissima.it\/wp-content\/uploads\/2020\/03\/serenissima-ristorazione-comunicato-stampa.jpg\" width=\"110\" \/><\/a><\/p>\n<h2>Cucine come sale operatorie: il progetto di Serenissima Ristorazione<\/h2>\n<p>A luglio, <strong>Serenissima Ristorazione<\/strong> inaugurer\u00e0 un polo nell&#8217;area del Comune di Vercelli: grazie ad un investimento di 10 milioni di euro, il nuovo stabilimento sar\u00e0 caratterizzato da un&#8217;attenzione massima nei confronti del Coronavirus. Il progetto nasce in un periodo di profonda crisi per il settore, che ha ricevuto un duro colpo a causa delle restrizioni imposte per l&#8217;emergenza sanitaria: gli esperti parlano di perdite che vanno dal 30% per il fatturato fino al 50% per i margini. La societ\u00e0 ha deciso tuttavia di scommettere sulla ripresa dei mercati, preparandosi adeguatamente contro i rischi attuali e futuri in caso di una nuova ondata del virus. Il sito di Vercelli potr\u00e0 operare in tutta sicurezza grazie ai nuovi protocolli sanitari pensati proprio contro il Coronavirus. Cucine come vere e proprie <em>&quot;camere bianche&quot;<\/em>, termo-sigillatura dei vassoi, servizio di trasporto che arriver\u00e0 su banchi e scrivanie, operatori con tutti i Dpi del caso: tutto per garantire ad aziende e ospedali del territorio qualit\u00e0 e sicurezza. Il nuovo polo di <strong>Serenissima Ristorazione<\/strong> contribuir\u00e0 anche all&#8217;occupazione: saranno infatti 150 le persone assunte per l&#8217;avvio dello stabilimento piemontese.<\/p>\n<h2>L&#8217;esperienza di Serenissima Ristorazione in Piemonte<\/h2>\n<p>Secondo Carlo Garbin, Direttore di <strong><a href=\"https:\/\/it-it.facebook.com\/grupposerenissima.it\/\" title=\"Serenissima Ristorazione, pagina ufficiale facebook\">Serenissima Ristorazione<\/a><\/strong>, anche per il settore delle mense collettive ci sar\u00e0 una ripresa graduale. Tuttavia, il prossimo futuro sar\u00e0 caratterizzato da un&#8217;attenzione massima rispetto agli standard di sanificazione. Per questo la societ\u00e0 ha voluto anticipare, progettando l&#8217;impianto di Vercelli quasi come se fosse un laboratorio di farmaceutica. Protocolli che verranno presto adottati anche nell&#8217;altro stabilimento sito nel comune di Grugliasco (Torino), che d\u00e0 lavoro a circa 450 dipendenti. Con il nuovo polo, la societ\u00e0 sar\u00e0 capace di produrre 200mila pasti al giorno, che saranno consegnati a realt\u00e0 aziendali come Gtt, Orecchia, Iveco e Bitron, Burgess Norton e Trelleborg. Sul territorio <strong>Serenissima Ristorazione<\/strong> serve anche diverse aziende sanitarie e Ogr riconvertite a ospedali Covid-19: i nuovi sistemi anti-contagio previsti sono il frutto anche dell&#8217;esperienza con clienti appartenenti al mondo della Sanit\u00e0. <em>&quot;Siamo convinti che la gestione innovativa dei processi di selezione del cibo e della sua preparazione possa rilanciare tutto il comparto&quot;<\/em>, conclude il Direttore Garbin.<\/p>\n","protected":false},"excerpt":{"rendered":"<p>In un momento storico in cui la ristorazione collettiva \u00e8 in crisi a causa della pandemia, Serenissima Ristorazione investe a Vercelli. Cucine come sale operatorie: il progetto di Serenissima Ristorazione A luglio, Serenissima Ristorazione inaugurer\u00e0 un polo nell&#8217;area del Comune di Vercelli: grazie ad un investimento di 10 milioni di euro, il nuovo stabilimento sar\u00e0 [&hellip;]<\/p>\n","protected":false},"author":40,"featured_media":0,"comment_status":"open","ping_status":"open","sticky":false,"template":"","format":"standard","meta":{"footnotes":""},"categories":[5],"tags":[1137,1138],"class_list":["post-51438","post","type-post","status-publish","format-standard","hentry","category-aziendali","tag-mario-putin","tag-serenissima-ristorazione"],"_links":{"self":[{"href":"https:\/\/www.area-press.eu\/comunicatistampa\/wp-json\/wp\/v2\/posts\/51438","targetHints":{"allow":["GET"]}}],"collection":[{"href":"https:\/\/www.area-press.eu\/comunicatistampa\/wp-json\/wp\/v2\/posts"}],"about":[{"href":"https:\/\/www.area-press.eu\/comunicatistampa\/wp-json\/wp\/v2\/types\/post"}],"author":[{"embeddable":true,"href":"https:\/\/www.area-press.eu\/comunicatistampa\/wp-json\/wp\/v2\/users\/40"}],"replies":[{"embeddable":true,"href":"https:\/\/www.area-press.eu\/comunicatistampa\/wp-json\/wp\/v2\/comments?post=51438"}],"version-history":[{"count":1,"href":"https:\/\/www.area-press.eu\/comunicatistampa\/wp-json\/wp\/v2\/posts\/51438\/revisions"}],"predecessor-version":[{"id":51439,"href":"https:\/\/www.area-press.eu\/comunicatistampa\/wp-json\/wp\/v2\/posts\/51438\/revisions\/51439"}],"wp:attachment":[{"href":"https:\/\/www.area-press.eu\/comunicatistampa\/wp-json\/wp\/v2\/media?parent=51438"}],"wp:term":[{"taxonomy":"category","embeddable":true,"href":"https:\/\/www.area-press.eu\/comunicatistampa\/wp-json\/wp\/v2\/categories?post=51438"},{"taxonomy":"post_tag","embeddable":true,"href":"https:\/\/www.area-press.eu\/comunicatistampa\/wp-json\/wp\/v2\/tags?post=51438"}],"curies":[{"name":"wp","href":"https:\/\/api.w.org\/{rel}","templated":true}]}}