{"id":51435,"date":"2020-07-03T16:00:17","date_gmt":"2020-07-03T14:00:17","guid":{"rendered":"https:\/\/www.area-press.eu\/comunicatistampa\/?p=51435"},"modified":"2020-07-03T16:00:17","modified_gmt":"2020-07-03T14:00:17","slug":"il-percorso-professionale-di-claudio-bertini-biologo-e-consulente-ambientale","status":"publish","type":"post","link":"https:\/\/www.area-press.eu\/comunicatistampa\/2020\/07\/03\/il-percorso-professionale-di-claudio-bertini-biologo-e-consulente-ambientale\/","title":{"rendered":"Il percorso professionale di Claudio Bertini, biologo e consulente ambientale"},"content":{"rendered":"<p><em><strong><a title=\"Claudio Bertini: professionisti e aziende\" href=\"https:\/\/www.professionistieaziende.it\/claudio_bertini\/claudio_bertini.php\">Claudio Bertini<\/a> \u00e8 un professionista di grande esperienza in materia ambientale: dopo una Laurea in Biologia e successive specializzazioni, ha svolto attivit\u00e0 di rilievo nel campo della consulenza e nella gestione aziendale di questioni legate all&#8217;ambiente.<\/strong><\/em><\/p>\n<p><a title=\"Claudio Bertini, professionisti e aziende\" href=\"https:\/\/www.professionistieaziende.it\/claudio_bertini\/claudio_bertini.php\"><img decoding=\"async\" src=\"https:\/\/www.professionistieaziende.it\/claudio_bertini\/claudio_bertini.jpg\" alt=\"Claudio Bertini\" width=\"100\" \/><\/a><\/p>\n<h2>Il percorso formativo di Claudio Bertini e i primi incarichi professionali<\/h2>\n<p>Classe 1973, <strong>Claudio Bertini<\/strong> \u00e8 un biologo e consulente ambientale, attualmente in CAE S.r.l. in qualit\u00e0 di Responsabile Autorizzazione Integrata Ambientale. Il suo percorso formativo include, oltre all&#8217;ottenimento della maturit\u00e0 scientifica, una Laurea in Biologia Marina e Oceanografia presso la Facolt\u00e0 di Scienze Biologiche dell&#8217;Universit\u00e0 Politecnica delle Marche. Nello stesso ateneo, ha arricchito il proprio curriculum formativo con un Master in Recupero Ambientale attraverso l&#8217;utilizzo di tecnologie innovative, bioremediation e biotecnologie, a cui ha fatto seguito un&#8217;ulteriore specializzazione svolta presso la sede romana di Confindustria: <strong>Claudio Bertini<\/strong> ha frequentato con successo il Corso per Revisori Ambientali\/Ecoauditors per sistemi di gestione ambientale ai sensi della norma UNI EN ISO 14001. Iscritto all&#8217;Ordine Nazionale dei Biologi e forte di tale bagaglio specialistico, la sua carriera ha abbracciato vari rami del settore ambientale: oltre alle collaborazioni svolte come Consulente Ambientale nell&#8217;Universit\u00e0 Politecnica delle Marche (1998-2003), si \u00e8 infatti occupato di gestione aziendale di problematiche relative all&#8217;ambiente, nello specifico negli ambiti quali smaltimento dei rifiuti, emissioni in atmosfera, scarichi idrici, energia, suolo e sottosuolo, promuovendo inoltre progetti e iniziative connesse a tali fenomeni.<\/p>\n<h2>Claudio Bertini: l&#8217;esperienza in CAE S.r.l. e i settori di specializzazione<\/h2>\n<p>Il percorso professionale di <strong><a title=\"Claudio Bertini, profilo professionale\" href=\"https:\/\/www.professionistieaziende.it\/claudio_bertini\/claudio_bertini.php\">Claudio Bertini<\/a><\/strong> prosegue con incarichi come Docente formatore per Verificatori Ambientali singoli EMAS, attivit\u00e0 svolta tra il 2001 e il 2004 in collaborazione con la Camera di Commercio di Ancona. La sua esperienza all&#8217;interno di CAE &#8211; Centro Assistenza Ecologica di Ancona prende avvio, invece, nel 1999, anno in cui inizia la sua attivit\u00e0 di consulenza per una delle principali societ\u00e0 d&#8217;avanguardia nel territorio locale. In tale contesto \u00e8 attualmente Responsabile Autorizzazione Integrata Ambientale, oltre a occuparsi di altri ambiti relativi ai Sistemi di Gestione Ambientale, Valutazione di Impatto Ambientale, End of Waste, Environmental Risk Analysis e Money Saving Ambientale. I suoi incarichi attuali annoverano inoltre quello di Responsabile Ambientale, ruolo ricoperto a partire dal 2001 per Somipress srl, azienda di Castelfidardo (AN) operativa in ambito internazionale nel settore della pressofusione di leghe di alluminio. All&#8217;interno di tale attivit\u00e0, <strong>Claudio Bertini<\/strong> si occupa di progetti operativi nel campo della riduzione delle incidenze ambientali.<\/p>\n","protected":false},"excerpt":{"rendered":"<p>Claudio Bertini \u00e8 un professionista di grande esperienza in materia ambientale: dopo una Laurea in Biologia e successive specializzazioni, ha svolto attivit\u00e0 di rilievo nel campo della consulenza e nella gestione aziendale di questioni legate all&#8217;ambiente. Il percorso formativo di Claudio Bertini e i primi incarichi professionali Classe 1973, Claudio Bertini \u00e8 un biologo e [&hellip;]<\/p>\n","protected":false},"author":40,"featured_media":0,"comment_status":"open","ping_status":"open","sticky":false,"template":"","format":"standard","meta":{"footnotes":""},"categories":[5],"tags":[26898],"class_list":["post-51435","post","type-post","status-publish","format-standard","hentry","category-aziendali","tag-claudio-bertini"],"_links":{"self":[{"href":"https:\/\/www.area-press.eu\/comunicatistampa\/wp-json\/wp\/v2\/posts\/51435","targetHints":{"allow":["GET"]}}],"collection":[{"href":"https:\/\/www.area-press.eu\/comunicatistampa\/wp-json\/wp\/v2\/posts"}],"about":[{"href":"https:\/\/www.area-press.eu\/comunicatistampa\/wp-json\/wp\/v2\/types\/post"}],"author":[{"embeddable":true,"href":"https:\/\/www.area-press.eu\/comunicatistampa\/wp-json\/wp\/v2\/users\/40"}],"replies":[{"embeddable":true,"href":"https:\/\/www.area-press.eu\/comunicatistampa\/wp-json\/wp\/v2\/comments?post=51435"}],"version-history":[{"count":1,"href":"https:\/\/www.area-press.eu\/comunicatistampa\/wp-json\/wp\/v2\/posts\/51435\/revisions"}],"predecessor-version":[{"id":51436,"href":"https:\/\/www.area-press.eu\/comunicatistampa\/wp-json\/wp\/v2\/posts\/51435\/revisions\/51436"}],"wp:attachment":[{"href":"https:\/\/www.area-press.eu\/comunicatistampa\/wp-json\/wp\/v2\/media?parent=51435"}],"wp:term":[{"taxonomy":"category","embeddable":true,"href":"https:\/\/www.area-press.eu\/comunicatistampa\/wp-json\/wp\/v2\/categories?post=51435"},{"taxonomy":"post_tag","embeddable":true,"href":"https:\/\/www.area-press.eu\/comunicatistampa\/wp-json\/wp\/v2\/tags?post=51435"}],"curies":[{"name":"wp","href":"https:\/\/api.w.org\/{rel}","templated":true}]}}