{"id":51432,"date":"2020-07-03T16:00:17","date_gmt":"2020-07-03T14:00:17","guid":{"rendered":"https:\/\/www.area-press.eu\/comunicatistampa\/?p=51432"},"modified":"2020-07-03T16:00:17","modified_gmt":"2020-07-03T14:00:17","slug":"la-maskerina-riccardo-trovato","status":"publish","type":"post","link":"https:\/\/www.area-press.eu\/comunicatistampa\/2020\/07\/03\/la-maskerina-riccardo-trovato\/","title":{"rendered":"La maskerina, Riccardo Trovato"},"content":{"rendered":"<p style=\"text-align: center\"><strong><i>\u00a0Il rimedio funk anti covid del cantautore siciliano\u00a0<\/i><\/strong><\/p>\n<p><iframe loading=\"lazy\" title=\"Riccardo Trovato - La maskerina\" width=\"500\" height=\"281\" src=\"https:\/\/www.youtube.com\/embed\/T6nMjLNbweU?feature=oembed\" frameborder=\"0\" allow=\"accelerometer; autoplay; clipboard-write; encrypted-media; gyroscope; picture-in-picture; web-share\" referrerpolicy=\"strict-origin-when-cross-origin\" allowfullscreen><\/iframe><\/p>\n<p><b>La maskerina <\/b>\u00e8 un brano fra serio e faceto, scritto di getto dal cantautore siciliano, <b>Riccardo Trovato<\/b>, durante il periodo di lockdown in Italia. Cosa c\u2019\u00e8 pi\u00f9 importante della libert\u00e0? Probabilmente nulla. Abbandoniamo le diatribe su chi ha ragione e chi torto, tra fake news e complotti, spesso l\u2019essenziale \u00e8 sotto ai nostri occhi e non ce ne rendiamo conto. Quella normalit\u00e0 cos\u00ec tanto noiosa, dovrebbe essere rivista sotto un\u2019ottica differente, cos\u00ec come la libert\u00e0, oggi data troppo spesso per scontata. Il brano \u00e8 un frullato di messaggi positivi, racchiuso in un involucro di sonorit\u00e0 rock, funk e pop. Vede la collaborazione di Herry Found (ex Karbonica) alla batteria, mentre le restanti tracce sono state suonate dallo stesso cantautore, presso Apollo11 studio, struttura creata da Riccardo per la realizzazione delle proprie produzioni.<\/p>\n<p>Riccardo Trovato \u00e8 un cantautore siciliano, nato a Catania e cresciuto musicalmente, beneficiando del fermento culturale e artistico sviluppatosi tra gli anni 90 e i primi anni 2000.<br \/>\n<b>Inizia il suo percorso musicale nel 2004, dando poi concretamente forma alle sue idee artistiche con i Karbonica,<\/b> band con cui ha pubblicato due album e partecipato a svariate manifestazioni e festival musicali nazionali.<br \/>\nIl suo percorso solista \u00e8 la vera novit\u00e0, fortemente radicato in un sound figlio del rock pi\u00f9 classico, ha deciso di rendere pubbliche le sue idee, senza filtri e ragionamenti pubblicitari, dichiarandosi in modo verginale parte di una scuola musicale nota agli addetti ai lavori e ai non. Il suo obiettivo principale \u00e8 suonare ci\u00f2 che pi\u00f9 lo diverte e il suo primo step \u00e8 rappresentato dalla pubblicazione del brano \u201cLa maskerina\u201d, su tutte le piattaforme di streaming audio e video.<\/p>\n<p><b>Pagina Facebook<br \/>\n<\/b><a href=\"https:\/\/www.facebook.com\/RiccardoTrovatoOfficialPage\/\">https:\/\/www.facebook.com\/RiccardoTrovatoOfficialPage\/<\/a><br \/>\n<b>Pagina Instagram<br \/>\n<\/b><a href=\"https:\/\/www.instagram.com\/riccardotrovato_official\/?hl=it\">https:\/\/www.instagram.com\/riccardotrovato_official\/?hl=it<\/a><br \/>\n<b>Canale Spotify<br \/>\n<\/b><a href=\"https:\/\/open.spotify.com\/album\/2zJuSe5i5oPtHAW6GInukg?si=3BSIpAEZQMaqt6gzkRvirA\">https:\/\/open.spotify.com\/album\/2zJuSe5i5oPtHAW6GInukg?si=3BSIpAEZQMaqt6gzkRvirA<\/a><\/p>\n<p><b><i>Press, radio, Tv Agency<br \/>\nDCOD Communication By GB Play<br \/>\n<\/i><\/b>promoradio@dcodcommunication.it<br \/>\npromostampa@dcodcommunication.it<\/p>\n","protected":false},"excerpt":{"rendered":"<p>\u00a0Il rimedio funk anti covid del cantautore siciliano\u00a0 La maskerina \u00e8 un brano fra serio e faceto, scritto di getto dal cantautore siciliano, Riccardo Trovato, durante il periodo di lockdown in Italia. Cosa c\u2019\u00e8 pi\u00f9 importante della libert\u00e0? Probabilmente nulla. Abbandoniamo le diatribe su chi ha ragione e chi torto, tra fake news e complotti, [&hellip;]<\/p>\n","protected":false},"author":331,"featured_media":0,"comment_status":"open","ping_status":"open","sticky":false,"template":"","format":"standard","meta":{"footnotes":""},"categories":[12],"tags":[26972,27670,2365],"class_list":["post-51432","post","type-post","status-publish","format-standard","hentry","category-musica","tag-mascherina","tag-riccardo-trovato","tag-singolo"],"_links":{"self":[{"href":"https:\/\/www.area-press.eu\/comunicatistampa\/wp-json\/wp\/v2\/posts\/51432","targetHints":{"allow":["GET"]}}],"collection":[{"href":"https:\/\/www.area-press.eu\/comunicatistampa\/wp-json\/wp\/v2\/posts"}],"about":[{"href":"https:\/\/www.area-press.eu\/comunicatistampa\/wp-json\/wp\/v2\/types\/post"}],"author":[{"embeddable":true,"href":"https:\/\/www.area-press.eu\/comunicatistampa\/wp-json\/wp\/v2\/users\/331"}],"replies":[{"embeddable":true,"href":"https:\/\/www.area-press.eu\/comunicatistampa\/wp-json\/wp\/v2\/comments?post=51432"}],"version-history":[{"count":1,"href":"https:\/\/www.area-press.eu\/comunicatistampa\/wp-json\/wp\/v2\/posts\/51432\/revisions"}],"predecessor-version":[{"id":51434,"href":"https:\/\/www.area-press.eu\/comunicatistampa\/wp-json\/wp\/v2\/posts\/51432\/revisions\/51434"}],"wp:attachment":[{"href":"https:\/\/www.area-press.eu\/comunicatistampa\/wp-json\/wp\/v2\/media?parent=51432"}],"wp:term":[{"taxonomy":"category","embeddable":true,"href":"https:\/\/www.area-press.eu\/comunicatistampa\/wp-json\/wp\/v2\/categories?post=51432"},{"taxonomy":"post_tag","embeddable":true,"href":"https:\/\/www.area-press.eu\/comunicatistampa\/wp-json\/wp\/v2\/tags?post=51432"}],"curies":[{"name":"wp","href":"https:\/\/api.w.org\/{rel}","templated":true}]}}