{"id":51430,"date":"2020-07-03T16:00:17","date_gmt":"2020-07-03T14:00:17","guid":{"rendered":"https:\/\/www.area-press.eu\/comunicatistampa\/?p=51430"},"modified":"2020-07-03T16:00:17","modified_gmt":"2020-07-03T14:00:17","slug":"larte-delle-donne-alla-milano-art-gallery-con-parsi-nugnes-e-villa","status":"publish","type":"post","link":"https:\/\/www.area-press.eu\/comunicatistampa\/2020\/07\/03\/larte-delle-donne-alla-milano-art-gallery-con-parsi-nugnes-e-villa\/","title":{"rendered":"L\u2019Arte delle Donne alla Milano Art Gallery con Parsi, Nugnes e Villa"},"content":{"rendered":"<p>Inaugurazione indimenticabile quella del 1\u00b0 luglio, per la <strong>Milano Art Gallery<\/strong> che riapre, dopo la chiusura forzata per l\u2019emergenza imposta dal Covid, con la mostra <strong><em>L\u2019Arte delle donne<\/em><\/strong>. Madrina dell\u2019evento la psicologa e scrittrice <strong>Maria Rita Parsi<\/strong> che ha voluto lasciare il suo contributo insieme al curatore di mostre e grandi eventi <strong>Salvo Nugnes, <\/strong>direttore della Galleria, e al fotografo <strong>Roberto Villa<\/strong>, amico di Pier Paolo Pasolini e di Dario Fo.<\/p>\n<p>La kermesse si \u00e8 confermata quale evento pensato per le donne, oltre che sulle e con le donne. Si \u00e8 voluta rivolgere a tutti quegli artisti che si sono ispirati al mondo femminile, per avere una visione pi\u00f9 ampia sulla tematica e permettere un confronto pi\u00f9 ricco e stimolante.<\/p>\n<p>Tutto ci\u00f2 che riguarda l\u2019universo femminile, infatti, \u00e8 diventato motivo di discussione attraverso le opere esposte e l\u2019intervento degli ospiti presenti. Maria Rita Parsi ha commentato: \u00ab\u00c8 per le donne e con le donne che il mondo pu\u00f2 veramente cambiare aspetto. Il mondo parte come origine dal grembo della madre e gli uomini devono capire con amore, rispetto e ammirazione che quel punto di partenza va rispettato, ammirato, sostenuto, perch\u00e9 le cose possono effettivamente cambiare\u00bb.<\/p>\n<p>Rimarranno esposte alla Milano Art Gallery fino al 21 luglio le opere di talentuosi artisti contemporanei: <em>Actis Caporale Anna, Agosti Emilia, Aloe Luigi, Belloni Enrica, Boscaro Alda, Bruscolini Enza, Cavanna Elena, Cerchiari Drago, Colaciello Francesca, Cossu Graziano, D&#8217;Anna Cristiana, De Demo Lina, D&#8217;Onofrio Micaela, Facchini Emilio, Fazio Francesco, Ferrante Salvatore, Ferrari Monica, Nevel, Garcea Veronica, Giardina Teresa, Golinelli Clara, Mascioli Silvana, Merzinger-Pleban Renate, Moretti Daniela, Pinciroli Francesca, Plattner Sigrid, Pulcini Eleonora, Ramonde Sasiain Carolina Mariana, Sanavio Lucia, Spinelli Fedora, Tornese Miriam, Vardar Emel, Zecca Simona, Zotich Aldo, Zungri Giovanni<\/em><\/p>\n<p><em>\u00a0<\/em><\/p>\n<p>La mostra rimarr\u00e0 aperta fino al 21 luglio 2020, tutti i giorni, eccetto la domenica, dalle 14.30 alle 19. Per informazioni \u00e8 possibile chiamare lo 0424 525190, il 388 7338297 oppure scrivere a info@milanoartgallery.it<\/p>\n","protected":false},"excerpt":{"rendered":"<p>Inaugurazione indimenticabile quella del 1\u00b0 luglio, per la Milano Art Gallery che riapre, dopo la chiusura forzata per l\u2019emergenza imposta dal Covid, con la mostra L\u2019Arte delle donne. Madrina dell\u2019evento la psicologa e scrittrice Maria Rita Parsi che ha voluto lasciare il suo contributo insieme al curatore di mostre e grandi eventi Salvo Nugnes, direttore [&hellip;]<\/p>\n","protected":false},"author":3367,"featured_media":0,"comment_status":"open","ping_status":"open","sticky":false,"template":"","format":"standard","meta":{"footnotes":""},"categories":[3,8],"tags":[],"class_list":["post-51430","post","type-post","status-publish","format-standard","hentry","category-arte-e-cultura","category-eventi"],"_links":{"self":[{"href":"https:\/\/www.area-press.eu\/comunicatistampa\/wp-json\/wp\/v2\/posts\/51430","targetHints":{"allow":["GET"]}}],"collection":[{"href":"https:\/\/www.area-press.eu\/comunicatistampa\/wp-json\/wp\/v2\/posts"}],"about":[{"href":"https:\/\/www.area-press.eu\/comunicatistampa\/wp-json\/wp\/v2\/types\/post"}],"author":[{"embeddable":true,"href":"https:\/\/www.area-press.eu\/comunicatistampa\/wp-json\/wp\/v2\/users\/3367"}],"replies":[{"embeddable":true,"href":"https:\/\/www.area-press.eu\/comunicatistampa\/wp-json\/wp\/v2\/comments?post=51430"}],"version-history":[{"count":1,"href":"https:\/\/www.area-press.eu\/comunicatistampa\/wp-json\/wp\/v2\/posts\/51430\/revisions"}],"predecessor-version":[{"id":51431,"href":"https:\/\/www.area-press.eu\/comunicatistampa\/wp-json\/wp\/v2\/posts\/51430\/revisions\/51431"}],"wp:attachment":[{"href":"https:\/\/www.area-press.eu\/comunicatistampa\/wp-json\/wp\/v2\/media?parent=51430"}],"wp:term":[{"taxonomy":"category","embeddable":true,"href":"https:\/\/www.area-press.eu\/comunicatistampa\/wp-json\/wp\/v2\/categories?post=51430"},{"taxonomy":"post_tag","embeddable":true,"href":"https:\/\/www.area-press.eu\/comunicatistampa\/wp-json\/wp\/v2\/tags?post=51430"}],"curies":[{"name":"wp","href":"https:\/\/api.w.org\/{rel}","templated":true}]}}