{"id":51397,"date":"2020-07-02T14:55:02","date_gmt":"2020-07-02T12:55:02","guid":{"rendered":"https:\/\/www.area-press.eu\/comunicatistampa\/?p=51397"},"modified":"2020-07-02T14:55:02","modified_gmt":"2020-07-02T12:55:02","slug":"big-broker-insurance-group-partner-storico-di-spoleto-arte-per-la-pro-biennale","status":"publish","type":"post","link":"https:\/\/www.area-press.eu\/comunicatistampa\/2020\/07\/02\/big-broker-insurance-group-partner-storico-di-spoleto-arte-per-la-pro-biennale\/","title":{"rendered":"BIG \u2013 Broker Insurance Group partner storico di Spoleto Arte per la Pro Biennale"},"content":{"rendered":"<p>Ormai partner irrinunciabile per gli eventi organizzati da <strong>Spoleto Arte<\/strong>, <strong>BIG \u2013 Broker Insurance Group<\/strong> si prepara ad uno dei pi\u00f9 attesi eventi artistici a seguito della ripresa dopo l\u2019emergenza Covid: <strong>la Pro Biennale<\/strong> a Venezia.<\/p>\n<p>L\u2019arte, quindi,\u00a0 riparte dalla citt\u00e0 lagunare e lo fa con la mostra Pro Biennale, che inaugurer\u00e0 il 23 luglio allo Spoleto Pavilion presso Palazzo Ivancich, Castello 4421, a pochi passi da Piazza San Marco, con l\u2019organizzazione dal curatore di mostre e grandi eventi <strong>Salvo Nugnes<\/strong> e la presentazione di <strong>Vittorio Sgarbi<\/strong>.<\/p>\n<p>Includendo nello spazio espositivo oltre 200 opere di artisti italiani e stranieri, l\u2019esposizione prender\u00e0 forma con il contributo di numerosi ospiti illustri. Tra questi il vice presidente del Senato <strong>Ignazio La Russa<\/strong>, il sociologo <strong>Francesco Alberoni<\/strong>, il governatore della regione Veneto <strong>Luca Zaia<\/strong>, il sindaco di Venezia <strong>Luigi Brugnaro<\/strong>, <strong>Katia Ricciarelli<\/strong>, <strong>Silvana Giacobini<\/strong>, gi\u00e0 direttrice di <em>Chi<\/em> e <em>Diva e Donna<\/em>, <strong>Pippo Franco<\/strong>, <strong>Jos\u00e8 Dal\u00ec<\/strong>, artista e figlio di Salvador Dal\u00ec, il cantante di Sanremo <strong>Bugo<\/strong>, <strong>Maria Rita Parsi<\/strong>, scrittrice e psicologa, <strong>Carolyn Smith<\/strong>, della giuria di <em>Ballando con le Stelle<\/em>, <strong>Morgan<\/strong> e molti altri.<\/p>\n<p>E non poteva esserci partner migliore se non BIG \u2013 Broker Insurance Group, societ\u00e0 d\u2019intermediazione assicurativa con sede a Milano. Fondata negli anni Settanta da <strong>Massimo Ciaccio<\/strong>, consigliere e AD del gruppo, BIG \u00e8 ormai da oltre vent\u2019anni il punto di riferimento nel settore assicurativo dei beni artistici. E lo rimane specie dopo essere stata rilanciata da <strong>Gabriele Ciaccio<\/strong> nell\u2019ambito di Fine Art e Special Risks. A riprova della sua grande professionalit\u00e0, BIG, coverholder di Lloyd\u2019s di Londra, pu\u00f2 vantare tra i suoi clienti alcuni dei pi\u00f9 importanti operatori del settore, galleristi, case d\u2019asta e collezionisti. Tra i suoi partner figurano inoltre importanti musei, fondazioni, organizzatori di mostre, esperti, trasportatori e restauratori di prestigio.<\/p>\n<p>Ma BIG \u00e8 conosciuta soprattutto per la realizzazione di eventi tanto esclusivi quanto riservati in location di prestigio, tra cui la Pinacoteca di Brera e la Galleria degli Uffizi. Il coinvolgimento di personalit\u00e0 del mondo artistico-culturale \u00e8 una garanzia della sua professionalit\u00e0 nel rendere un\u2019occasione qualcosa di memorabile.<\/p>\n","protected":false},"excerpt":{"rendered":"<p>Ormai partner irrinunciabile per gli eventi organizzati da Spoleto Arte, BIG \u2013 Broker Insurance Group si prepara ad uno dei pi\u00f9 attesi eventi artistici a seguito della ripresa dopo l\u2019emergenza Covid: la Pro Biennale a Venezia. L\u2019arte, quindi,\u00a0 riparte dalla citt\u00e0 lagunare e lo fa con la mostra Pro Biennale, che inaugurer\u00e0 il 23 luglio [&hellip;]<\/p>\n","protected":false},"author":3367,"featured_media":0,"comment_status":"open","ping_status":"open","sticky":false,"template":"","format":"standard","meta":{"footnotes":""},"categories":[3],"tags":[],"class_list":["post-51397","post","type-post","status-publish","format-standard","hentry","category-arte-e-cultura"],"_links":{"self":[{"href":"https:\/\/www.area-press.eu\/comunicatistampa\/wp-json\/wp\/v2\/posts\/51397","targetHints":{"allow":["GET"]}}],"collection":[{"href":"https:\/\/www.area-press.eu\/comunicatistampa\/wp-json\/wp\/v2\/posts"}],"about":[{"href":"https:\/\/www.area-press.eu\/comunicatistampa\/wp-json\/wp\/v2\/types\/post"}],"author":[{"embeddable":true,"href":"https:\/\/www.area-press.eu\/comunicatistampa\/wp-json\/wp\/v2\/users\/3367"}],"replies":[{"embeddable":true,"href":"https:\/\/www.area-press.eu\/comunicatistampa\/wp-json\/wp\/v2\/comments?post=51397"}],"version-history":[{"count":1,"href":"https:\/\/www.area-press.eu\/comunicatistampa\/wp-json\/wp\/v2\/posts\/51397\/revisions"}],"predecessor-version":[{"id":51398,"href":"https:\/\/www.area-press.eu\/comunicatistampa\/wp-json\/wp\/v2\/posts\/51397\/revisions\/51398"}],"wp:attachment":[{"href":"https:\/\/www.area-press.eu\/comunicatistampa\/wp-json\/wp\/v2\/media?parent=51397"}],"wp:term":[{"taxonomy":"category","embeddable":true,"href":"https:\/\/www.area-press.eu\/comunicatistampa\/wp-json\/wp\/v2\/categories?post=51397"},{"taxonomy":"post_tag","embeddable":true,"href":"https:\/\/www.area-press.eu\/comunicatistampa\/wp-json\/wp\/v2\/tags?post=51397"}],"curies":[{"name":"wp","href":"https:\/\/api.w.org\/{rel}","templated":true}]}}