{"id":51323,"date":"2020-06-30T21:37:26","date_gmt":"2020-06-30T19:37:26","guid":{"rendered":"https:\/\/www.area-press.eu\/comunicatistampa\/?p=51323"},"modified":"2020-08-09T23:40:21","modified_gmt":"2020-08-09T21:40:21","slug":"valentina-falcone-in-fondo-alla-strategia","status":"publish","type":"post","link":"https:\/\/www.area-press.eu\/comunicatistampa\/2020\/06\/30\/valentina-falcone-in-fondo-alla-strategia\/","title":{"rendered":"Valentina Falcone, In fondo alla strategia"},"content":{"rendered":"<p style=\"text-align: center\"><i>la strategia empatica che ognuno adotta per sopravvivere.<br \/>\nIn promozione il singolo della cantautrice.\u00a0<\/i><\/p>\n<p>https:\/\/youtu.be\/MNpLWLlxJjY<\/p>\n<p>\u201c<b>In Fondo alla Strategia<\/b>\u201d \u00e8 un brano acustico, che evoca forti emozioni come la fragilit\u00e0, la presa di coscienza e l&#8217;energia di una rinnovata consapevolezza, \u00e8 uno status dell&#8217;anima, un percorso, la strategia empatica che ognuno di noi adotta per sopravvivere.<\/p>\n<p><b>Valentina Falcone<\/b>, cantautrice Italiana, scrive da quando ha quattordici anni.<br \/>\nDa sempre alla ricerca di un\u2019espressione che la renda singolare e totalmente personale, negli anni scopre nuove identit\u00e0 sonore che le permettono di sperimentare molto vacillando tra molteplici progetti discografici.<br \/>\nPremio Della Critica al Festival Dell\u2019Alto Milanese, semifinalista all\u2019Accademia Della Canzone Di San Remo, ha partecipato a molti concorsi canori, Rock Targato Italia (Radio Italia), Brand New Talent (MTV) Phenomenon Music Contest, Festival dei talenti etc&#8230;etc&#8230; Molti i consensi da parte di personaggi dello spettacolo ed Enti Artistici.<br \/>\nRiceve subito un bel riscontro, un passaggio televisivo su \u201cU zone\u201d (Mediaset italia2) in rotazione radiofonica nelle radio locali italiane del circuito \u201cMy Chance\u201d e \u201cMeet\u2019in Radio\u201d (Meeting Degli Indipendenti), secondo posto annuale sul web tv (Uno tv) e Commusik, Recensioni giornalistiche su Oca Nera, GengiSkunk,Almax, theRockBlog.net . Valentina Falcone \u00e8 Premio Speciale al MEI di Faenza (2015).<\/p>\n<p><b>Facebook Official<\/b> : <a href=\"https:\/\/www.facebook.com\/valentinafalconeofficial\/\">https:\/\/www.facebook.com\/valentinafalconeofficial\/<\/a><br \/>\n<b>Youtube Official :<\/b> <a href=\"http:\/\/www.youtube.com\/c\/VALENTINAFALCONE\">http:\/\/www.youtube.com\/c\/VALENTINAFALCONE<\/a><b><br \/>\nInstagram Official : <\/b><a href=\"https:\/\/www.instagram.com\/valentinafalconeofficial\/\">https:\/\/www.instagram.com\/valentinafalconeofficial\/<\/a><b><br \/>\nDigital Store <\/b>: https:\/\/promotion.lnk.to\/p5sDqOgM\/<\/p>\n<p><b><i>Press, radio, Tv Agency<br \/>\nDCOD Communication By GB Play<br \/>\n<\/i><\/b>promoradio@dcodcommunication.it<br \/>\npromostampa@dcodcommunication.it<\/p>\n","protected":false},"excerpt":{"rendered":"<p>la strategia empatica che ognuno adotta per sopravvivere. In promozione il singolo della cantautrice.\u00a0 https:\/\/youtu.be\/MNpLWLlxJjY \u201cIn Fondo alla Strategia\u201d \u00e8 un brano acustico, che evoca forti emozioni come la fragilit\u00e0, la presa di coscienza e l&#8217;energia di una rinnovata consapevolezza, \u00e8 uno status dell&#8217;anima, un percorso, la strategia empatica che ognuno di noi adotta per [&hellip;]<\/p>\n","protected":false},"author":331,"featured_media":0,"comment_status":"open","ping_status":"open","sticky":false,"template":"","format":"standard","meta":{"footnotes":""},"categories":[12],"tags":[723,2365,27641],"class_list":["post-51323","post","type-post","status-publish","format-standard","hentry","category-musica","tag-news","tag-singolo","tag-valentina-falcone"],"_links":{"self":[{"href":"https:\/\/www.area-press.eu\/comunicatistampa\/wp-json\/wp\/v2\/posts\/51323","targetHints":{"allow":["GET"]}}],"collection":[{"href":"https:\/\/www.area-press.eu\/comunicatistampa\/wp-json\/wp\/v2\/posts"}],"about":[{"href":"https:\/\/www.area-press.eu\/comunicatistampa\/wp-json\/wp\/v2\/types\/post"}],"author":[{"embeddable":true,"href":"https:\/\/www.area-press.eu\/comunicatistampa\/wp-json\/wp\/v2\/users\/331"}],"replies":[{"embeddable":true,"href":"https:\/\/www.area-press.eu\/comunicatistampa\/wp-json\/wp\/v2\/comments?post=51323"}],"version-history":[{"count":1,"href":"https:\/\/www.area-press.eu\/comunicatistampa\/wp-json\/wp\/v2\/posts\/51323\/revisions"}],"predecessor-version":[{"id":51325,"href":"https:\/\/www.area-press.eu\/comunicatistampa\/wp-json\/wp\/v2\/posts\/51323\/revisions\/51325"}],"wp:attachment":[{"href":"https:\/\/www.area-press.eu\/comunicatistampa\/wp-json\/wp\/v2\/media?parent=51323"}],"wp:term":[{"taxonomy":"category","embeddable":true,"href":"https:\/\/www.area-press.eu\/comunicatistampa\/wp-json\/wp\/v2\/categories?post=51323"},{"taxonomy":"post_tag","embeddable":true,"href":"https:\/\/www.area-press.eu\/comunicatistampa\/wp-json\/wp\/v2\/tags?post=51323"}],"curies":[{"name":"wp","href":"https:\/\/api.w.org\/{rel}","templated":true}]}}