{"id":51320,"date":"2020-06-30T21:37:26","date_gmt":"2020-06-30T19:37:26","guid":{"rendered":"https:\/\/www.area-press.eu\/comunicatistampa\/?p=51320"},"modified":"2020-06-30T21:37:26","modified_gmt":"2020-06-30T19:37:26","slug":"s4t-si-aggiudica-il-premio-eccellenza-dellanno-nel-turismo-al-decimo-le-fonti-awards","status":"publish","type":"post","link":"https:\/\/www.area-press.eu\/comunicatistampa\/2020\/06\/30\/s4t-si-aggiudica-il-premio-eccellenza-dellanno-nel-turismo-al-decimo-le-fonti-awards\/","title":{"rendered":"S4T si aggiudica il premio \u201cEccellenza dell\u2019Anno\u201d nel turismo al decimo \u201cLe Fonti Awards\u201d"},"content":{"rendered":"<p>Nuovi prestigiosi riconoscimenti per S4T, societ\u00e0 di consulenza professionale per gli operatori del turismo: in occasione della <strong>decima edizione dei \u201cLe Fonti Awards\u201d<\/strong>, kermesse annuale rivolta al gotha dell\u2019economia della finanza e delle assicurazioni, la societ\u00e0 si \u00e8 aggiudicata, unica nell\u2019ambito del travel, il <strong>primo posto nelle categorie \u201cEccellenza dell\u2019Anno\u201d, \u201cInnovazione &amp; Leadership\u201d e \u201cConsulenza nel Settore Turistico\u201d<\/strong>.<\/p>\n<h2>Il commento di Pierluigi Picilli, responsabile S4T<\/h2>\n<p>Il premio \u00e8 stato consegnato a <strong>Pierluigi Picilli, responsabile S4T<\/strong>, in diretta televisiva sul canale tematico <strong>Le Fonti TV<\/strong>, emittente all-news focalizzata su tematiche economico\/finanziarie seguita da una platea di CEO, manager e professionisti. \u201cQuesto premio \u2013 <strong>ha dichiarato il Manager<\/strong> \u2013 arriva a compimento di un periodo particolarmente complesso per S4T: un vero e proprio banco di prova. Siamo orgogliosi di riceverlo e, soprattutto, di non aver deluso le aspettative dei clienti. Nel corso di 3 mesi <strong>abbiamo gestito i contenziosi<\/strong> superando le difficolt\u00e0 del lockdown, e, pur non essendo n\u00e9 un network n\u00e9 un\u2019associazione di categoria, abbiamo fronteggiato la rapida evoluzione normativa producendo interpretazioni, comunicati stampa e newsletter per <strong>fornire ai nostri clienti indicazioni operative sempre aggiornate<\/strong>. Un ringraziamento particolare va al team di professionisti altamente specializzati che ci permette di offrire un supporto completo, complementare rispetto a quello assicurativo\u201d.<\/p>\n<h2>Il premio<\/h2>\n<p>Rivolta ai protagonisti del turismo, come tour operator, reti distributive e agenzie di viaggi indipendenti, S4T ha l\u2019obiettivo di semplificare il business, affiancando gli operatori nella definizione dei contratti e nella gestione dei contenziosi, purtroppo molto frequenti in questo momento. Un supporto concreto, pragmatico e risolutivo, complementare rispetto alle tutele garantite dalle polizze<\/p>\n<p>La vittoria ai \u201cLe Fonti Awards\u201d arriva dopo un <strong>lungo processo di selezione<\/strong>, sulla base dei risultati di una ricerca di mercato che ha coinvolto pi\u00f9 di 50.000 contatti qualificati: superata la prima nomination, il Centro Studi e il Comitato Scientifico del Gruppo Le Fonti, di concerto con le redazioni delle testate World Excellence, New Insurance, Asset Management, Le Fonti Legal e Finanza &amp; Diritto, hanno analizzato rendimenti, operazioni, documenti e iniziative intraprese nell\u2019arco di 12 mesi da S4T, decretando l\u2019assegnazione dell\u2019award. Questa la motivazione: \u201c<em>Per essere una giovane eccellenza nella consulenza per gli operatori del turismo. Per supportare il cliente a 360\u00b0, grazie al team specializzato in materie legali e assicurative per il turismo. Per l\u2019affidabilit\u00e0 e la competenza dimostrata che vi ha portato a stringere partnership con importanti player del settore assicurativo<\/em>\u201d.<\/p>\n<p>L\u2019evento si \u00e8 svolto nell\u2019ambito della <strong>Insurance TV Week, dedicata agli operatori del mondo assicurativo che meglio stanno rispondendo agli sconvolgimenti in atto<\/strong>: tra le altre societ\u00e0 premiate, AIG Europe, Axa Italia e Generali Italia.<\/p>\n","protected":false},"excerpt":{"rendered":"<p>Nuovi prestigiosi riconoscimenti per S4T, societ\u00e0 di consulenza professionale per gli operatori del turismo: in occasione della decima edizione dei \u201cLe Fonti Awards\u201d, kermesse annuale rivolta al gotha dell\u2019economia della finanza e delle assicurazioni, la societ\u00e0 si \u00e8 aggiudicata, unica nell\u2019ambito del travel, il primo posto nelle categorie \u201cEccellenza dell\u2019Anno\u201d, \u201cInnovazione &amp; Leadership\u201d e \u201cConsulenza [&hellip;]<\/p>\n","protected":false},"author":49,"featured_media":0,"comment_status":"open","ping_status":"open","sticky":false,"template":"","format":"standard","meta":{"footnotes":""},"categories":[29],"tags":[27640,26504,26220],"class_list":["post-51320","post","type-post","status-publish","format-standard","hentry","category-comunicati","tag-le-fonti-tv","tag-pierluigi-picilli","tag-s4t"],"_links":{"self":[{"href":"https:\/\/www.area-press.eu\/comunicatistampa\/wp-json\/wp\/v2\/posts\/51320","targetHints":{"allow":["GET"]}}],"collection":[{"href":"https:\/\/www.area-press.eu\/comunicatistampa\/wp-json\/wp\/v2\/posts"}],"about":[{"href":"https:\/\/www.area-press.eu\/comunicatistampa\/wp-json\/wp\/v2\/types\/post"}],"author":[{"embeddable":true,"href":"https:\/\/www.area-press.eu\/comunicatistampa\/wp-json\/wp\/v2\/users\/49"}],"replies":[{"embeddable":true,"href":"https:\/\/www.area-press.eu\/comunicatistampa\/wp-json\/wp\/v2\/comments?post=51320"}],"version-history":[{"count":1,"href":"https:\/\/www.area-press.eu\/comunicatistampa\/wp-json\/wp\/v2\/posts\/51320\/revisions"}],"predecessor-version":[{"id":51321,"href":"https:\/\/www.area-press.eu\/comunicatistampa\/wp-json\/wp\/v2\/posts\/51320\/revisions\/51321"}],"wp:attachment":[{"href":"https:\/\/www.area-press.eu\/comunicatistampa\/wp-json\/wp\/v2\/media?parent=51320"}],"wp:term":[{"taxonomy":"category","embeddable":true,"href":"https:\/\/www.area-press.eu\/comunicatistampa\/wp-json\/wp\/v2\/categories?post=51320"},{"taxonomy":"post_tag","embeddable":true,"href":"https:\/\/www.area-press.eu\/comunicatistampa\/wp-json\/wp\/v2\/tags?post=51320"}],"curies":[{"name":"wp","href":"https:\/\/api.w.org\/{rel}","templated":true}]}}