{"id":51250,"date":"2020-06-29T12:46:52","date_gmt":"2020-06-29T10:46:52","guid":{"rendered":"https:\/\/www.area-press.eu\/comunicatistampa\/?p=51250"},"modified":"2020-08-09T23:40:21","modified_gmt":"2020-08-09T21:40:21","slug":"con-il-brano-andra-tutto-bene-torna-il-cantautore-vemo","status":"publish","type":"post","link":"https:\/\/www.area-press.eu\/comunicatistampa\/2020\/06\/29\/con-il-brano-andra-tutto-bene-torna-il-cantautore-vemo\/","title":{"rendered":"Con il brano &#8220;Andr\u00e0 tutto bene&#8221; torna il cantautore VEMO"},"content":{"rendered":"<p><span style=\"font-family: Century Gothic, sans-serif\">Disponibile da venerd\u00ec 26 giugno, in radio e su tutte le piattaforme digitali \u201c<b>ANDR\u00c0 TUTTO BENE\u201d<\/b>\u00a0il nuovo singolo di <b>VEMO.\u00a0<\/b><\/span><span style=\"font-family: Century Gothic, sans-serif\"><span style=\"color: #222222\">Un brano nuovo, che vuole essere un inno alla ripartenza! Ora pi\u00f9 che mai, la musica ha preso il sopravvento, ci ha permesso di viaggiare attraverso le limitazioni, di riflettere sulle contraddizioni, di resistere! <\/span><span style=\"color: #222222\"><b>VEMO<\/b><\/span><span style=\"color: #222222\">\u00a0mette in musica i suoi giorni, che in fondo poi, sono stati i giorni di tutti, ma sempre con uno sguardo ottimistico alla luce del domani, invitandoci, attraverso l&#8217;arte a non\u00a0smettere di correre e di sognare.<\/span><\/span><\/p>\n<p align=\"justify\"><span style=\"font-family: Century Gothic, sans-serif\">Massimo Viglione in arte\u00a0<\/span><span style=\"font-family: Century Gothic, sans-serif\"><b>VEMO<\/b><\/span><span style=\"font-family: Century Gothic, sans-serif\">, nasce a Benevento nel 1985 e si racconta cos\u00ec\u2026<\/span><\/p>\n<p align=\"justify\"><span style=\"color: #000000\">\u201c<\/span><span style=\"color: #000000\"><span style=\"font-family: Century Gothic, sans-serif\"><i>La musica \u00e8 stata sempre parte della mia vita, ho cominciato ad avvicinarmi alla musica quando avevo 7 anni, suonando il pianoforte, avevo la ritmica e le note dentro di me, avevo un apprendimento velocissimo e pertanto ho cominciato subito ad allenarmi con brani di artisti famosi.\u00a0Nel lontano 2002, con un gruppo di amici ho formato una band rock \u201cBrainless\u201d, insieme seguivamo un sogno, \u00e8 stato il primo approccio con il palcoscenico, quell\u2019emozione rimarr\u00e0 indelebile nel mio animo, forse gi\u00e0 allora ho capito che volevo fare musica. Dopo qualche anno (2006) la band ha subito delle trasformazioni, sono subentrati altri amici, altri musicisti, abbiamo dato vita ad una nuova formazione \u201cCeiling down\u201d con la quale ci siamo inoltrati nel mondo del punk rock all\u2019italiana con contaminazioni californiane, la band era composta da ( Pilla Emiliano basso , Luca inglese chitarra , Pellegrino Bosco batteria ed io alla voce) registrammo nell\u2019arco di 3 anni due dischi, la continua ricerca di suoni, vibrazioni e generi musicali mi ha dato tanto. La mia vita \u00e8 stata sempre scandita dal ritmo della musica, infatti ha influenzato anche i miei studi, ho conseguito una laurea al Dams di Bologna ed ho concluso un Master di primo livello in arte e musicoterapia all\u2019 Universit\u00e0 Roma Tre. Uno dei miei primi maestri di canto \u00e8 stato Antonio Salomone, grande bassista, il quale mi ha regalato una sua canzone, sono molto legato a questo brano perch\u00e9 mi ha fatto scoprire nuovi orizzonti musicali e sar\u00e0 sicuramente presente nel nuovo progetto. Di grande stimolo, \u00e8 la mia vocal coach Raffaela Carotenuto, mi segue sempre con affetto e dedizione ed ha partecipato attivamente anche al nuovo video. Oggi sono arrivato ad un punto di svolta per la mia idea di musica perch\u00e9 sento una maturit\u00e0 tale che mi consente di vivere la musica in un modo ancora diverso. Il percorso da solista consente di muoverti liberamente, mi sono messo a nudo senza pensare troppo ad un tornaconto, ho dato libero sfogo alla mia identit\u00e0, quello che conta \u00e8 la musica, perch\u00e9 senza di essa sarei un uomo incompleto&#8221;.<\/i><\/span><\/span><\/p>\n<p align=\"justify\">\n<p>&nbsp;<\/p>\n","protected":false},"excerpt":{"rendered":"<p>Disponibile da venerd\u00ec 26 giugno, in radio e su tutte le piattaforme digitali \u201cANDR\u00c0 TUTTO BENE\u201d\u00a0il nuovo singolo di VEMO.\u00a0Un brano nuovo, che vuole essere un inno alla ripartenza! Ora pi\u00f9 che mai, la musica ha preso il sopravvento, ci ha permesso di viaggiare attraverso le limitazioni, di riflettere sulle contraddizioni, di resistere! VEMO\u00a0mette in [&hellip;]<\/p>\n","protected":false},"author":6401,"featured_media":0,"comment_status":"open","ping_status":"open","sticky":false,"template":"","format":"standard","meta":{"footnotes":""},"categories":[12],"tags":[721,27614],"class_list":["post-51250","post","type-post","status-publish","format-standard","hentry","category-musica","tag-musica","tag-vemo"],"_links":{"self":[{"href":"https:\/\/www.area-press.eu\/comunicatistampa\/wp-json\/wp\/v2\/posts\/51250","targetHints":{"allow":["GET"]}}],"collection":[{"href":"https:\/\/www.area-press.eu\/comunicatistampa\/wp-json\/wp\/v2\/posts"}],"about":[{"href":"https:\/\/www.area-press.eu\/comunicatistampa\/wp-json\/wp\/v2\/types\/post"}],"author":[{"embeddable":true,"href":"https:\/\/www.area-press.eu\/comunicatistampa\/wp-json\/wp\/v2\/users\/6401"}],"replies":[{"embeddable":true,"href":"https:\/\/www.area-press.eu\/comunicatistampa\/wp-json\/wp\/v2\/comments?post=51250"}],"version-history":[{"count":2,"href":"https:\/\/www.area-press.eu\/comunicatistampa\/wp-json\/wp\/v2\/posts\/51250\/revisions"}],"predecessor-version":[{"id":51252,"href":"https:\/\/www.area-press.eu\/comunicatistampa\/wp-json\/wp\/v2\/posts\/51250\/revisions\/51252"}],"wp:attachment":[{"href":"https:\/\/www.area-press.eu\/comunicatistampa\/wp-json\/wp\/v2\/media?parent=51250"}],"wp:term":[{"taxonomy":"category","embeddable":true,"href":"https:\/\/www.area-press.eu\/comunicatistampa\/wp-json\/wp\/v2\/categories?post=51250"},{"taxonomy":"post_tag","embeddable":true,"href":"https:\/\/www.area-press.eu\/comunicatistampa\/wp-json\/wp\/v2\/tags?post=51250"}],"curies":[{"name":"wp","href":"https:\/\/api.w.org\/{rel}","templated":true}]}}