{"id":51237,"date":"2020-06-26T19:06:45","date_gmt":"2020-06-26T17:06:45","guid":{"rendered":"https:\/\/www.area-press.eu\/comunicatistampa\/?p=51237"},"modified":"2020-06-26T19:06:45","modified_gmt":"2020-06-26T17:06:45","slug":"editoria-lintervista-a-marco-maria-durante-presidente-di-lapresse-s-p-a","status":"publish","type":"post","link":"https:\/\/www.area-press.eu\/comunicatistampa\/2020\/06\/26\/editoria-lintervista-a-marco-maria-durante-presidente-di-lapresse-s-p-a\/","title":{"rendered":"Editoria, l\u2019intervista a Marco Maria Durante, Presidente di LaPresse S.p.A."},"content":{"rendered":"<p><em><strong>Varato da poco dal Governo, il Decreto Rilancio introduce misure a sostegno dell&#8217;economia in Italia e, tra queste, un pacchetto di norme per rilanciare l&#8217;editoria: &#8220;\u00c8 un bellissimo gesto che ha fatto il Governo&#8221;, <\/strong><\/em><a title=\"Marco Maria Durante, commento decreto rilancio ed editoria\" href=\"https:\/\/www.lapresse.it\/economia\/editoria_marco_durante_nel_dl_rilancio_e_stato_fatto_molto_per_il_nostro_settore-2659955\/video\/2020-05-22\/\"><em><strong>il commento di Marco Maria Durante<\/strong><\/em><\/a><em><strong>, intervistato da LaPresse S.p.A.<\/strong><\/em><\/p>\n<p><a title=\"Marco Maria Durante commenta Decreto Rilancio\" href=\"https:\/\/www.lapresse.it\/economia\/editoria_marco_durante_nel_dl_rilancio_e_stato_fatto_molto_per_il_nostro_settore-2659955\/video\/2020-05-22\/\"><img decoding=\"async\" src=\"https:\/\/www.topmanagers.it\/sharingfolder\/topmanager\/it\/managerprofilephoto\/photo\/marco-durante.jpg\" alt=\"Marco Maria Durante\" width=\"120\" \/><\/a><\/p>\n<h2>Editoria e Decreto Rilancio, il punto di Marco Maria Durante<\/h2>\n<p>In un recente intervento rilasciato negli studi di LaPresse S.p.A., <strong>Marco Maria Durante<\/strong>, Presidente dell&#8217;agenzia, ha parlato della situazione di crisi che da diversi mesi sta coinvolgendo tutto il sistema italiano. In particolare, il fondatore di LaPresse S.p.A. ha espresso la propria soddisfazione per le misure adottate dal Governo e dal Sottosegretario all&#8217;Editoria Andrea Martella per contrastare tale scenario negativo: &#8220;Il Sottosegretario&#8221;, ha sottolineato, <em>&#8220;ha riconosciuto in un momento cos\u00ec difficile, un momento di crisi per tutti, il grande sforzo che han fatto le agenzie di stampa rinnovando il contratto in scadenza fino a giungo 2021&#8221;<\/em>. Il Decreto da 55 miliardi prevede, infatti, norme a sostegno del comparto editoriale nell&#8217;attuale momento di grande crisi e, allo stesso tempo, di enorme utilit\u00e0 nel ruolo di mezzo di informazione e pubblico servizio. <em>&#8220;Questo \u00e8 stato un gesto di grande fiducia e di riconoscimento del lavoro prodotto in questo periodo&#8221;<\/em>, ha proseguito il Presidente, <em>&#8220;in cui tutti i giornalisti delle agenzie di stampa sono stati in prima linea dopo i medici, \u00e8 stato riconosciuto questo&#8221;<\/em>. <strong>Marco Maria Durante<\/strong> ha quindi concluso con parole di apprezzamento per le misure introdotte, che, a suo parere, potranno apportare beneficio al settore: <em>&#8220;In questo Decreto da 55 miliardi c&#8217;\u00e8 una buona parte su di noi. \u00c8 un bellissimo gesto che hanno fatto il Governo e il Sottosegretario all&#8217;Editoria, che apprezzo e ammiro. Sono felice di questa cosa&#8221;<\/em>, ha sottolineato, <em>&#8220;perch\u00e9 d\u00e0 un po&#8217; di fiato a questo mondo&#8221;<\/em>.<\/p>\n<h2>Il percorso imprenditoriale di Marco Maria Durante<\/h2>\n<p>Di origini torinesi, <strong><a title=\"Marco Maria Durante, il punto su decreto rilancio\" href=\"https:\/\/www.lapresse.it\/economia\/editoria_marco_durante_nel_dl_rilancio_e_stato_fatto_molto_per_il_nostro_settore-2659955\/video\/2020-05-22\/\">Marco Maria Durante<\/a><\/strong> \u00e8 un imprenditore italiano e fondatore dell&#8217;agenzia di stampa multimedia LaPresse S.p.A., di cui \u00e8 l&#8217;attuale Presidente. Dopo la Laurea conseguita all&#8217;ISEF, diventa Docente alla cattedra di Nuoto di Torino. Il suo percorso formativo include inoltre un corso in Business Administration (Rotman School of Management, Toronto), una Laurea in discipline sportive (Universit\u00e9 Claude Bernard, Lione) e una Laurea con lode e menzione in Giurisprudenza (Universit\u00e0 di Napoli\/Pegaso). Dal 2015 svolge attivit\u00e0 di docenza in Strategie di Comunicazione d&#8217;Impresa presso l&#8217;Universit\u00e0 di Napoli. Marco Maria Durante \u00e8 conosciuto in ambito sportivo per la sua esperienza da mediano nelle giovanili del Torino F.C., nonch\u00e9 come allenatore della squadra di nuoto Libertas SAFA, che ha condotto alla conquista di 4 scudetti e alla partecipazione a campionati Europei, Mondiali e ben tre Olimpiadi. Nel mondo dell&#8217;editoria, inizia la sua collaborazione con Publifoto nel 1992 e dopo due anni, insieme al fratello Massimo, fonda LaPresse S.p.A. Grazie al suo intuito imprenditoriale, l&#8217;agenzia \u00e8 oggi una delle media company pi\u00f9 innovative del panorama italiano. Pioniera in Italia, LaPresse S.p.A. ha unito videonews e foto reporting in un modello incentrato su fotografia industriale, archivi storici, coordinamento di immagine e valorizzazione visiva del brand. A seguito dell&#8217;internazionalizzazione avviata nel 2008, l&#8217;agenzia acquisisce i diritti di distribuzione della produzione Associated Press. Nel corso della carriera ha assistito personalit\u00e0 di grande fama, tra cui la famiglia Agnelli. L&#8217;esperienza imprenditoriale di <strong>Marco Maria Durante<\/strong> annovera anche la fondazione di LaPresse S.p.A. Nuoto Torino nel 2005, con cui ha raggiunto numerosi successi e attratto campioni come Laure Manadou.<\/p>\n","protected":false},"excerpt":{"rendered":"<p>Varato da poco dal Governo, il Decreto Rilancio introduce misure a sostegno dell&#8217;economia in Italia e, tra queste, un pacchetto di norme per rilanciare l&#8217;editoria: &#8220;\u00c8 un bellissimo gesto che ha fatto il Governo&#8221;, il commento di Marco Maria Durante, intervistato da LaPresse S.p.A. Editoria e Decreto Rilancio, il punto di Marco Maria Durante In [&hellip;]<\/p>\n","protected":false},"author":6488,"featured_media":0,"comment_status":"open","ping_status":"open","sticky":false,"template":"","format":"standard","meta":{"footnotes":""},"categories":[5,29],"tags":[27612,27611],"class_list":["post-51237","post","type-post","status-publish","format-standard","hentry","category-aziendali","category-comunicati","tag-lapresse-s-p-a","tag-marco-maria-durante"],"_links":{"self":[{"href":"https:\/\/www.area-press.eu\/comunicatistampa\/wp-json\/wp\/v2\/posts\/51237","targetHints":{"allow":["GET"]}}],"collection":[{"href":"https:\/\/www.area-press.eu\/comunicatistampa\/wp-json\/wp\/v2\/posts"}],"about":[{"href":"https:\/\/www.area-press.eu\/comunicatistampa\/wp-json\/wp\/v2\/types\/post"}],"author":[{"embeddable":true,"href":"https:\/\/www.area-press.eu\/comunicatistampa\/wp-json\/wp\/v2\/users\/6488"}],"replies":[{"embeddable":true,"href":"https:\/\/www.area-press.eu\/comunicatistampa\/wp-json\/wp\/v2\/comments?post=51237"}],"version-history":[{"count":1,"href":"https:\/\/www.area-press.eu\/comunicatistampa\/wp-json\/wp\/v2\/posts\/51237\/revisions"}],"predecessor-version":[{"id":51238,"href":"https:\/\/www.area-press.eu\/comunicatistampa\/wp-json\/wp\/v2\/posts\/51237\/revisions\/51238"}],"wp:attachment":[{"href":"https:\/\/www.area-press.eu\/comunicatistampa\/wp-json\/wp\/v2\/media?parent=51237"}],"wp:term":[{"taxonomy":"category","embeddable":true,"href":"https:\/\/www.area-press.eu\/comunicatistampa\/wp-json\/wp\/v2\/categories?post=51237"},{"taxonomy":"post_tag","embeddable":true,"href":"https:\/\/www.area-press.eu\/comunicatistampa\/wp-json\/wp\/v2\/tags?post=51237"}],"curies":[{"name":"wp","href":"https:\/\/api.w.org\/{rel}","templated":true}]}}