{"id":51220,"date":"2020-06-26T19:06:44","date_gmt":"2020-06-26T17:06:44","guid":{"rendered":"https:\/\/www.area-press.eu\/comunicatistampa\/?p=51220"},"modified":"2020-06-26T19:06:44","modified_gmt":"2020-06-26T17:06:44","slug":"dal-tgcom-a-pro-biennale-lintervista-di-spoleto-arte-a-valentina-puccio","status":"publish","type":"post","link":"https:\/\/www.area-press.eu\/comunicatistampa\/2020\/06\/26\/dal-tgcom-a-pro-biennale-lintervista-di-spoleto-arte-a-valentina-puccio\/","title":{"rendered":"Dal Tgcom a Pro Biennale: l\u2019intervista di Spoleto Arte a Valentina Puccio"},"content":{"rendered":"<p><strong>Valentina Puccio<\/strong>, giovane artista di origini siciliane, ha visto le sue creazioni protagoniste di un servizio di <strong>Tgcom24<\/strong> per il format <em>Arte in quarantena<\/em> e cos\u00ec ne abbiamo approfittato per saperne di pi\u00f9. Artista della scuderia di <strong>Spoleto Arte<\/strong>, ha voluto spiegarci la sua Cyber Art.<\/p>\n<p>&nbsp;<\/p>\n<p>&nbsp;<\/p>\n<p><strong>Al Tgcom24 per il format Arte in quarantena troviamo un contributo a lei dedicato. Le piace l\u2019iniziativa di portare direttamente a casa l\u2019arte contemporanea durante l\u2019isolamento?<\/strong><\/p>\n<p>Assolutamente s\u00ec, \u00e8 stata un&#8217; iniziativa eccellente!<br \/>\nA causa del lockdown gli Italiani sono rimasti a lungo chiusi in casa. Questo programma ha regalato loro un momento di svago giornaliero. \u00c8 stata l\u2019occasione per avvicinare sempre pi\u00f9 persone al mondo della pittura e dell\u2019arte contemporanea.<\/p>\n<p><strong>Quand\u2019\u00e8 cominciata la sua attrazione per il mondo dell\u2019arte digitale e come vi si \u00e8 approcciata?<br \/>\n<\/strong><br \/>\nAmo utilizzare i Social (Instagram sopratutto) e proprio l\u00ec ho scoperto per caso la pittura su Tablet.<br \/>\nIl passaggio dalle tecniche pittoriche tradizionali alla pittura digitale \u00e8 complesso. Quando ci si approccia per la prima volta a questo tipo di tecnica, occorre \u201cpensare\u201d in digitale.<br \/>\nLa classica tavolozza di colori, viene sostituita con colori intangibili e i pennelli sono tutti racchiusi in un\u2019unica pencil. La pittura digitale, spesso si sviluppa su livelli sovrapposti e un buon disegno pu\u00f2 richiedere dai 2 ai 4 mesi di lavorazione.<\/p>\n<p><strong>Quali sono le differenze tra un disegno digitale ed un disegno \u201ctradizionale\u201d?<\/strong><\/p>\n<p>Le differenze sono tantissime. Probabilmente quella pi\u00f9 evidente \u00e8 il &#8220;tratto&#8221;, in digitale si dipinge con l\u2019utilizzo dei Pixel! S\u00ec, proprio cos\u00ec. Piccoli quadratini che posti uno accanto all\u2019altro creano il disegno e la pittura.<br \/>\nIo nello specifico lavoro su pi\u00f9 livelli. Un livello sovrapposto all\u2019altro. Nel momento in cui salvo il progetto in formato Jpeg, con un semplice click unisco tutti i livelli che compongono l\u2019opera finale, cos\u00ec per come la vedete voi.<\/p>\n<p><strong>Da cosa deriva il suo nome d\u2019arte Vally in the sea word?<\/strong><\/p>\n<p>Vally in the sea world \u00e8 il nome della mia pagina Instagram, una pagina che nacque alcuni anni fa per caso. Ferma alla fermata dell\u2019autobus, sotto una pioggia battente, dopo una classica giornata di lavoro in ufficio, decisi di creare il profilo, con la volont\u00e0 di dare vita a un account contenente tutte le mie foto estive. Un angolo di paradiso, con paesaggi e ricordi fantastici!<br \/>\nCos\u00ec facendo ovunque andassi le avrei potute visualizzare con un semplice click &#8230; regalandomi un sorriso. Non avrei mai creduto di raggiungere quasi 600mila seguaci!<br \/>\nSono una sub Open Water, inizialmente mi divertiva l\u2019idea di condividere le immagini delle mie immersioni. Nel corso del tempo ho iniziato a condividere la mia vita, la mia arte.<br \/>\nL\u00ec poi qualcosa \u00e8 cambiato. Sempre pi\u00f9 persone interessate al mondo dell&#8217;arte, hanno iniziato a seguire la mia pagina, interagendo con commenti e like. Molti frequentano le Accademie di Belle Arti Italiane, altri sono autodidatti o semplici appassionati del settore.<br \/>\nQuasi per caso ho dato vita a una grande Community di Artisti, di l\u00ec a poco sono nati il Blog e l&#8217;Ebook Amazon. Il nome delle successive pagine Social rimandano quindi alla mia pagina Instagram. Questo nick mi rappresenta pienamente.<br \/>\nAmo il mare e l\u2019oceano. Sono molto sensibile a tutte le iniziative che si pongono l\u2019obiettivo della salvaguardia del mondo marino.<\/p>\n<p><strong>Ci sono dei soggetti a cui \u00e8 particolarmente legata?<\/strong><\/p>\n<p>Le immagini dei miei dipinti rappresentano momenti di vita vissuta fra Miami e Los Angeles. Paesaggi urbani e marini dedicati a due citt\u00e0 che, in qualche modo, hanno cambiato la mia vita.<br \/>\nFinite le restrizioni dovute al Covid-19, vorrei tornare in USA&#8230;<\/p>\n<p><strong>Come ha conosciuto Spoleto Arte e il suo presidente Salvo Nugnes?<\/strong><\/p>\n<p>Nel 2019 per caso ricevetti l\u2019invito per partecipare come artista ad una mostra. Quella volta non riuscii a partecipare. Dopo tempo ripresi i contatti e da quel momento \u00e8 un susseguirsi di grandi successi. Credo che a volte nascano dei legami di rispetto e affetto che vanno ben oltre la frequentazione giornaliera.<br \/>\nAbito a Palermo, citt\u00e0 ben lontana da Milano, ma grazie agli eventi, grazie ai Social, alle mail e alle telefonate, il team di Spoleto Arte riesce a farmi sentire parte di una grande famiglia.<br \/>\nArtisti, critici, giornalisti, tutti uniti con lo scopo di portare avanti un nutrito gruppo di Artisti Italiani di Arte Contemporanea. Non potrei chiedere di pi\u00f9.<br \/>\nE\u2019 l\u2019inizio di un percorso \u2026 che dura tutta una vita. Dipingo e disegno da quando sono nata, non potrei farne a meno.<br \/>\nIl Presidente Nugnes \u00e8 un eccellente Regista, coordina gli eventi, curando ogni minimo dettaglio. Non lascia nulla al caso, credo che il segreto del successo degli eventi, sia proprio lui.<br \/>\nNell\u2019arco di un anno io sono passata da Youtuber e Instagrammer ad \u201cArtista di Arte Contemporanea\u201d, devo il mio successo a tutto il team di Spoleto Arte. Un sogno che diventa realt\u00e0.<br \/>\nHanno creduto in me e nelle mie potenzialit\u00e0.<\/p>\n<p><strong>Qual \u00e8 il suo prossimo progetto?<br \/>\n<\/strong><br \/>\nDal 23 Luglio al 7 Agosto parteciper\u00f2 alla fantastica Mostra di Arte Contemporanea \u201cPro Biennale\u201d presentata da Vittorio Sgarbi, che si terr\u00e0 a Venezia con il contributo di tantissimi personaggi illustri.<br \/>\nNel corso dell\u2019estate porter\u00f2 a termine un progetto molto interessante. In collaborazione con un\u2019azienda Inglese, le mie pitture digitali saranno stampate su un particolare tipo di tessuto cangiante. L\u2019effetto visivo \u00e8 assolutamente innovativo. Molte opere raggiungono la dimensione di quasi due metri di altezza. Una sorta di Arazzo in chiave moderna.<br \/>\nLa mia Arte \u00e8 caratterizzata dalla continua ricerca di materiali e dalla continua sperimentazione.<br \/>\nLa mia \u00e8 una tecnica in continua evoluzione.<\/p>\n<p>&nbsp;<\/p>\n","protected":false},"excerpt":{"rendered":"<p>Valentina Puccio, giovane artista di origini siciliane, ha visto le sue creazioni protagoniste di un servizio di Tgcom24 per il format Arte in quarantena e cos\u00ec ne abbiamo approfittato per saperne di pi\u00f9. Artista della scuderia di Spoleto Arte, ha voluto spiegarci la sua Cyber Art. &nbsp; &nbsp; Al Tgcom24 per il format Arte in [&hellip;]<\/p>\n","protected":false},"author":3367,"featured_media":0,"comment_status":"open","ping_status":"open","sticky":false,"template":"","format":"standard","meta":{"footnotes":""},"categories":[3],"tags":[],"class_list":["post-51220","post","type-post","status-publish","format-standard","hentry","category-arte-e-cultura"],"_links":{"self":[{"href":"https:\/\/www.area-press.eu\/comunicatistampa\/wp-json\/wp\/v2\/posts\/51220","targetHints":{"allow":["GET"]}}],"collection":[{"href":"https:\/\/www.area-press.eu\/comunicatistampa\/wp-json\/wp\/v2\/posts"}],"about":[{"href":"https:\/\/www.area-press.eu\/comunicatistampa\/wp-json\/wp\/v2\/types\/post"}],"author":[{"embeddable":true,"href":"https:\/\/www.area-press.eu\/comunicatistampa\/wp-json\/wp\/v2\/users\/3367"}],"replies":[{"embeddable":true,"href":"https:\/\/www.area-press.eu\/comunicatistampa\/wp-json\/wp\/v2\/comments?post=51220"}],"version-history":[{"count":1,"href":"https:\/\/www.area-press.eu\/comunicatistampa\/wp-json\/wp\/v2\/posts\/51220\/revisions"}],"predecessor-version":[{"id":51221,"href":"https:\/\/www.area-press.eu\/comunicatistampa\/wp-json\/wp\/v2\/posts\/51220\/revisions\/51221"}],"wp:attachment":[{"href":"https:\/\/www.area-press.eu\/comunicatistampa\/wp-json\/wp\/v2\/media?parent=51220"}],"wp:term":[{"taxonomy":"category","embeddable":true,"href":"https:\/\/www.area-press.eu\/comunicatistampa\/wp-json\/wp\/v2\/categories?post=51220"},{"taxonomy":"post_tag","embeddable":true,"href":"https:\/\/www.area-press.eu\/comunicatistampa\/wp-json\/wp\/v2\/tags?post=51220"}],"curies":[{"name":"wp","href":"https:\/\/api.w.org\/{rel}","templated":true}]}}