{"id":51210,"date":"2020-06-25T12:32:57","date_gmt":"2020-06-25T10:32:57","guid":{"rendered":"https:\/\/www.area-press.eu\/comunicatistampa\/?p=51210"},"modified":"2020-08-09T23:40:22","modified_gmt":"2020-08-09T21:40:22","slug":"fuorisede-esce-il-26-giugno-il-nuovo-brano-di-vitto","status":"publish","type":"post","link":"https:\/\/www.area-press.eu\/comunicatistampa\/2020\/06\/25\/fuorisede-esce-il-26-giugno-il-nuovo-brano-di-vitto\/","title":{"rendered":"Fuorisede &#8211; esce il 26 giugno il nuovo brano di Vitto"},"content":{"rendered":"<p style=\"font-weight: 400\">\u201cFuorisede\u201d<\/p>\n<p style=\"font-weight: 400\">\u00a0Il 26 Giugno 2020 esce il nuovo singolo di VITTO<\/p>\n<p style=\"font-weight: 400\">\u201cFuorisede\u201d \u00e8 il nuovo singolo di VITTO, prodotto da\u00a0<strong>Formica Dischi<\/strong>\u00a0e distribuito da\u00a0<strong>Artist First<\/strong>.<\/p>\n<p style=\"font-weight: 400\">\n<p style=\"font-weight: 400\">\u201c<strong>Fuorisede racconta la storia di chi vive in qualche monolocale, tra i libri dell\u2019universit\u00e0, gli esami da preparare, i caff\u00e8 e una chitarra. Fuorisede racconta anche la storia di chi guarda la persona che ama andarsene via, senza poterci fare niente.<\/strong>\u201d.<\/p>\n<p style=\"font-weight: 400\">\n<p style=\"font-weight: 400\">Vittoria Tampucci, in arte VITTO, ha vent\u2019anni, vive a Vinci e frequenta il primo anno nella facolt\u00e0 di Mediazione linguistica a Firenze.<\/p>\n<p style=\"font-weight: 400\">\n<p style=\"font-weight: 400\">Ha iniziato a cantare da piccolissima e all\u2019 et\u00e0 di dodici anni si \u00e8 iscritta ad una scuola di canto. Da allora la musica \u00e8 stata sempre parte integrante della sua vita.<\/p>\n<p style=\"font-weight: 400\">Negli ultimi anni si \u00e8 esibita su vari palchi pi\u00f9 o meno importanti, partecipando a diversi concorsi sia a livello regionale che nazionale.<\/p>\n<p style=\"font-weight: 400\">Esperienze importanti sono state per lei la finale di Castrocaro nel 2016 e la partecipazione a The Voice of Italy nel 2019.\u00a0Nello stesso anno \u00e8 entrata a far parte del roster di Formica dischi.<\/p>\n<p style=\"font-weight: 400\">\n<p style=\"font-weight: 400\">\n<p style=\"font-weight: 400\">Autore\u00a0<strong>Vittoria Tampucci \u2013 Andrea Maestrelli\u00a0\u00a0\u00a0\u00a0\u00a0\u00a0\u00a0\u00a0\u00a0\u00a0\u00a0\u00a0\u00a0\u00a0<\/strong><\/p>\n<p style=\"font-weight: 400\">Etichetta discografica\u00a0\u00a0<strong>Formica Dischi<\/strong><\/p>\n<p style=\"font-weight: 400\">Publishing\u00a0<strong>Gianni Rodo Edizioni<\/strong><\/p>\n<p style=\"font-weight: 400\">Distribuzione\u00a0<strong>Artist First<\/strong><\/p>\n<p style=\"font-weight: 400\">Ufficio stampa\u00a0<strong>Gianni Rodo<\/strong><\/p>\n","protected":false},"excerpt":{"rendered":"<p>\u201cFuorisede\u201d \u00a0Il 26 Giugno 2020 esce il nuovo singolo di VITTO \u201cFuorisede\u201d \u00e8 il nuovo singolo di VITTO, prodotto da\u00a0Formica Dischi\u00a0e distribuito da\u00a0Artist First. \u201cFuorisede racconta la storia di chi vive in qualche monolocale, tra i libri dell\u2019universit\u00e0, gli esami da preparare, i caff\u00e8 e una chitarra. Fuorisede racconta anche la storia di chi guarda [&hellip;]<\/p>\n","protected":false},"author":5531,"featured_media":0,"comment_status":"open","ping_status":"open","sticky":false,"template":"","format":"standard","meta":{"footnotes":""},"categories":[3,29,8,12],"tags":[5037,5985,721,27609,27608],"class_list":["post-51210","post","type-post","status-publish","format-standard","hentry","category-arte-e-cultura","category-comunicati","category-eventi","category-musica","tag-indie","tag-indiemusic","tag-musica","tag-musica-digitale","tag-nuove-uscite-discografiche"],"_links":{"self":[{"href":"https:\/\/www.area-press.eu\/comunicatistampa\/wp-json\/wp\/v2\/posts\/51210","targetHints":{"allow":["GET"]}}],"collection":[{"href":"https:\/\/www.area-press.eu\/comunicatistampa\/wp-json\/wp\/v2\/posts"}],"about":[{"href":"https:\/\/www.area-press.eu\/comunicatistampa\/wp-json\/wp\/v2\/types\/post"}],"author":[{"embeddable":true,"href":"https:\/\/www.area-press.eu\/comunicatistampa\/wp-json\/wp\/v2\/users\/5531"}],"replies":[{"embeddable":true,"href":"https:\/\/www.area-press.eu\/comunicatistampa\/wp-json\/wp\/v2\/comments?post=51210"}],"version-history":[{"count":1,"href":"https:\/\/www.area-press.eu\/comunicatistampa\/wp-json\/wp\/v2\/posts\/51210\/revisions"}],"predecessor-version":[{"id":51211,"href":"https:\/\/www.area-press.eu\/comunicatistampa\/wp-json\/wp\/v2\/posts\/51210\/revisions\/51211"}],"wp:attachment":[{"href":"https:\/\/www.area-press.eu\/comunicatistampa\/wp-json\/wp\/v2\/media?parent=51210"}],"wp:term":[{"taxonomy":"category","embeddable":true,"href":"https:\/\/www.area-press.eu\/comunicatistampa\/wp-json\/wp\/v2\/categories?post=51210"},{"taxonomy":"post_tag","embeddable":true,"href":"https:\/\/www.area-press.eu\/comunicatistampa\/wp-json\/wp\/v2\/tags?post=51210"}],"curies":[{"name":"wp","href":"https:\/\/api.w.org\/{rel}","templated":true}]}}