{"id":51148,"date":"2020-06-23T17:43:31","date_gmt":"2020-06-23T15:43:31","guid":{"rendered":"https:\/\/www.area-press.eu\/comunicatistampa\/?p=51148"},"modified":"2020-06-23T17:43:31","modified_gmt":"2020-06-23T15:43:31","slug":"spoleto-arte-intervista-lartista-giuliana-maddalena-fusari","status":"publish","type":"post","link":"https:\/\/www.area-press.eu\/comunicatistampa\/2020\/06\/23\/spoleto-arte-intervista-lartista-giuliana-maddalena-fusari\/","title":{"rendered":"Spoleto Arte intervista l\u2019artista Giuliana Maddalena Fusari"},"content":{"rendered":"<p>Di recente, il format <em>Arte in quarantena<\/em> del <strong>Tgcom24 <\/strong>ha portando in primo piano l\u2019arte di <strong>Giuliana Maddalena Fusari<\/strong>. Artista di <strong>Spoleto Arte<\/strong>, la Fusari ha un interessante percorso alle spalle. Tale da rendere il suo stile riconoscibile e fuori dal comune. Abbiamo voluto farle qualche domanda in merito.<\/p>\n<p>&nbsp;<\/p>\n<p><strong>Il TGcom24 ha dato il via alla piattaforma Arte in Quarantena, su cui compare un servizio a lei dedicato. Che ne pensa dell\u2019iniziativa di portare l\u2019arte direttamente nelle case degli spettatori proprio quando non si poteva uscire?<\/strong><\/p>\n<p>Penso che sia una cosa meravigliosa e molto azzeccata. Assolutamente necessaria sia per gli artisti e ancor di pi\u00f9 per i fruitori.<\/p>\n<p>&nbsp;<\/p>\n<p><strong>Con il passare del tempo e l\u2019evolversi del suo stile, le sue opere trovano dimora in diverse correnti artistiche. L\u2019ultima \u00e8 l\u2019Informale Femmina. Di cosa si tratta?<\/strong><\/p>\n<p>Posso riassumere l&#8217;evolversi del mio stile con il Figurativo Post Moderno che pratico dagli anni &#8217;80. Dal 2014 a questo si \u00e8 affiancato l&#8217;<em>Estetica Paradisiaca<\/em>. Anno dopo anno mi sono immersa sempre di pi\u00f9 in questo movimento artistico basato su un informale essenziale e spirituale. Posso dire che ho contribuito con le mie opere a determinare la poetica del movimento.<\/p>\n<p>In quanto all&#8217;<em>Informale Femmina <\/em>\u00e8 una cosa tutta mia. Partendo dall&#8217;<em>Estetica Paradisiaca<\/em>, che per auto definizione punta sul bianco, ho iniziato a desiderare di fare queste opere con tutti gli altri colori, privilegiando la pittura materica, l&#8217;uso del colore &#8220;grasso&#8221;, con un volume paragonabile al basso-rilievo. Prima dipingevo con il dito, poi, nell&#8217;<em>Informale Femmina<\/em>, direttamente con il tubo dei colori, lasciandomi trascinare, per non dire travolgere, dall&#8217;impulso emotivo. E un giorno ho pensato &#8220;guarda come queste opere sono cos\u00ec concettualmente\u00a0e psicologicamente diverse, addirittura di segno opposto, alle opere informali, che pure sono cos\u00ec materiche, dei miei colleghi uomini!&#8221;<\/p>\n<p>E perch\u00e9? Perch\u00e9 loro sono maschi e io sono femmina! Sembra una banalit\u00e0 e invece \u00e8 una differenza sostanziale.<\/p>\n<p>Il prendere atto di questa cosa mi fece venire l&#8217;idea di aggiungere una o pi\u00f9 perle naturali alle mie opere, per sottolinearne la Grazia e l&#8217; Eleganza.<\/p>\n<p>&nbsp;<\/p>\n<p><strong>Quali funzioni ricoprono il colore e il tessuto nei suoi lavori?<\/strong><\/p>\n<p>Il colore e il tessuto sono fondamentali nelle mie opere. Potrei dire che il colore \u00e8 la mia Anima e il tessuto, la tela, il raso, le carte o comunque il supporto, sono la mia pelle. L&#8217;anno scorso una nota giornalista d&#8217;arte di Verona, Vera Meneguzzo, \u00e8 venuta a visitare la mia Personale A.M.A.C.I. per la giornata del Contemporaneo. Alcune opere attraverso dei tagli esibivano il legno del telaio. Mi chiese il perch\u00e9. Le ho risposto &#8220;Sono le mie ossa&#8221;.<\/p>\n<p>Ed \u00e8 cos\u00ec. Il colore \u00e8 la mia Anima, il tessuto \u00e8 la mia pelle, il telaio a vista sono le mie ossa.<\/p>\n<p>&nbsp;<\/p>\n<p>&nbsp;<\/p>\n<p><strong>In quale delle sue creazioni si riconosce di pi\u00f9?<\/strong><\/p>\n<p>In tutte ! Certamente ci sono delle opere particolarmente ben riuscite, che mi piacciono di pi\u00f9, a cui tengo particolarmente, ma sono cos\u00ec tante che \u00e8 impossibile dire quante e quali sono.<\/p>\n<p><strong>\u00a0<\/strong><\/p>\n<p><strong>Ritiene che scegliere di fare arte e di affermarsi in questo campo sia pi\u00f9 difficile per una donna<\/strong>?<\/p>\n<p>Sicuramente si. Immensamente si! E non \u00e8 un&#8217;opinione. Lo dicono fatti.<\/p>\n<p>Tutte le donne artiste veramente famose o sono figlie o mogli o amanti di uomini famosi, artisti e non. Fino a vent&#8217;anni fa nelle mostre importanti c&#8217;era una donna ogni 20 \/30 uomini, e nelle mostre importantissime, una ogni 50. Adesso la presenza delle donne \u00e8 pari\u00a0o anche superiore a quella degli uomini. Ma sono convinta che siamo come di contorno. Il piatto forte \u00e8 l&#8217;artista maschio. E chi compra l&#8217;Arte certamente si fida di pi\u00f9 di acquistare un&#8217;opera fatta da un uomo che da una donna. Negli anni &#8217;90 il gallerista della Galleria Ferrari, pioniere dell&#8217; Arte\u00a0Contemporanea in Verona, mi ha fatto questo discorso &#8220;Mi piacciono le tue opere ma non posso farti fare una mostra nella mia galleria. Perch\u00e9 per vivere io devo vendere e le tue opere, pur cos\u00ec belle, non le comprer\u00e0 nessuno. E sai perch\u00e9? Perch\u00e9 non sono adatte agli uomini. E sono gli uomini che comprano l&#8217;Arte. Le donne se hanno soldi si comprano una pelliccia o un bel gioiello, ma non comprano l&#8217; Arte Contemporanea. Forse quella antica, ma non l&#8217;Arte Contemporanea.&#8221;<\/p>\n<p>Temo che sia cos\u00ec ancora adesso.<\/p>\n<p>&nbsp;<\/p>\n<p><strong>Tra i suoi sostenitori troviamo Spoleto Arte e il suo presidente Salvo Nugnes. In che occasione vi siete conosciuti?<\/strong><\/p>\n<p>Anni fa ho iniziato a ricevere le mail di Spoleto Arte, e dopo un po&#8217; ho accettato di partecipare. La prima mostra insieme \u00e8 stata la Biennale di Milano 2015 presso la Milano Art Gallery a Milano. Conoscerci, nel senso di conoscerci personalmente, \u00e8 stato nel 2018 alla Pro Biennale per il compleanno di Vittorio Sgarbi.<\/p>\n<p>&nbsp;<\/p>\n<p><strong>Anche per lei la quarantena ha riservato un lato creativo? A cosa sta lavorando al momento?<\/strong><\/p>\n<p>Stare in casa \u00e8 la mia normalit\u00e0. Durante la quarantena ho fatto le cose che avrei fatto comunque. Ho dipinto, cucito e fotografato.<\/p>\n<p>L&#8217;unica cosa \u00e8 che mi \u00e8 successa una cosa insolita che non mi era mai capitata. Ho dato il colore di fondo a una tela. Giorni dopo, guardandolo, vi ho visto il profilo di un uomo. Poi, nei giorni successivi, ho visto un&#8217;altra faccia e poi un&#8217;altra. Ho deciso di cambiare progetto per quel quadro e anzich\u00e9 farne un <em>Informale Femmina<\/em> con la sua perla, di lasciare questi volti e forse di evidenziarli per renderli pi\u00f9 visibili. Eravamo nel momento\u00a0pi\u00f9 buio della pandemia, l&#8217;inizio, quando il solo pensare a questa epidemia di feroce polmonite sembrava un incubo. E anche, almeno a me, una cosa a cui non riuscivo a credere.<\/p>\n<p>Ero cos\u00ec sotto shock\u00a0da aver dipinto, senza accorgermene, dei volti angosciati e allucinati. Questo quadro, cos\u00ec diverso dai miei, non sembra neppure dipinto da me! Ma invece l&#8217;ho fatto io.<\/p>\n","protected":false},"excerpt":{"rendered":"<p>Di recente, il format Arte in quarantena del Tgcom24 ha portando in primo piano l\u2019arte di Giuliana Maddalena Fusari. Artista di Spoleto Arte, la Fusari ha un interessante percorso alle spalle. Tale da rendere il suo stile riconoscibile e fuori dal comune. Abbiamo voluto farle qualche domanda in merito. &nbsp; Il TGcom24 ha dato il [&hellip;]<\/p>\n","protected":false},"author":3367,"featured_media":0,"comment_status":"open","ping_status":"open","sticky":false,"template":"","format":"standard","meta":{"footnotes":""},"categories":[3],"tags":[],"class_list":["post-51148","post","type-post","status-publish","format-standard","hentry","category-arte-e-cultura"],"_links":{"self":[{"href":"https:\/\/www.area-press.eu\/comunicatistampa\/wp-json\/wp\/v2\/posts\/51148","targetHints":{"allow":["GET"]}}],"collection":[{"href":"https:\/\/www.area-press.eu\/comunicatistampa\/wp-json\/wp\/v2\/posts"}],"about":[{"href":"https:\/\/www.area-press.eu\/comunicatistampa\/wp-json\/wp\/v2\/types\/post"}],"author":[{"embeddable":true,"href":"https:\/\/www.area-press.eu\/comunicatistampa\/wp-json\/wp\/v2\/users\/3367"}],"replies":[{"embeddable":true,"href":"https:\/\/www.area-press.eu\/comunicatistampa\/wp-json\/wp\/v2\/comments?post=51148"}],"version-history":[{"count":1,"href":"https:\/\/www.area-press.eu\/comunicatistampa\/wp-json\/wp\/v2\/posts\/51148\/revisions"}],"predecessor-version":[{"id":51149,"href":"https:\/\/www.area-press.eu\/comunicatistampa\/wp-json\/wp\/v2\/posts\/51148\/revisions\/51149"}],"wp:attachment":[{"href":"https:\/\/www.area-press.eu\/comunicatistampa\/wp-json\/wp\/v2\/media?parent=51148"}],"wp:term":[{"taxonomy":"category","embeddable":true,"href":"https:\/\/www.area-press.eu\/comunicatistampa\/wp-json\/wp\/v2\/categories?post=51148"},{"taxonomy":"post_tag","embeddable":true,"href":"https:\/\/www.area-press.eu\/comunicatistampa\/wp-json\/wp\/v2\/tags?post=51148"}],"curies":[{"name":"wp","href":"https:\/\/api.w.org\/{rel}","templated":true}]}}