{"id":51071,"date":"2020-06-20T18:06:14","date_gmt":"2020-06-20T16:06:14","guid":{"rendered":"https:\/\/www.area-press.eu\/comunicatistampa\/?p=51071"},"modified":"2020-06-20T18:06:14","modified_gmt":"2020-06-20T16:06:14","slug":"fondazione-onlus-oasi-regina-degli-angeli","status":"publish","type":"post","link":"https:\/\/www.area-press.eu\/comunicatistampa\/2020\/06\/20\/fondazione-onlus-oasi-regina-degli-angeli\/","title":{"rendered":"Fondazione onlus Oasi Regina degli Angeli"},"content":{"rendered":"<p>Il 13 maggio 2005 \u00e8 nata la Fondazione onlus Oasi Regina degli Angeli guidata da Padre Carmine Zaccariello.<\/p>\n<p>Una realt\u00e0 che via via si sta completando e che diventa ogni giorno pi\u00f9 autentica. In questi anni molti sono stati i corsi per apicoltori tenutisi presso l\u2019Oasi Regina degli Angeli, ad Ameglio di Marzano Appio (Caserta). Ve la presentiamo, insieme agli ospiti che la abitano. \u201cCome la Regina degli Angeli ci ha accolto gratuitamente in questa sua casa cos\u00ec anche noi vogliamo essere pronti ad accogliere chiunque bussa alla porta, offrendo il nostro amore e l\u2019ideale evangelico, certi che per ognuno c\u2019\u00e8 un tempo ed un momento in cui poter incontrare Dio.<\/p>\n<p>I frutti di questo cammino sono oggi una forte presenza giovanile mista ad alcune famiglie, in una realt\u00e0 dove \u00e8 offerta la possibilit\u00e0 di poter realizzare il sogno di un ideale di vita che ognuno porta nel profondo del suo cuore\u201d. Questo \u00e8 il messaggio di accoglienza che un gruppo di ragazzi, insieme a Padre Carmine Zaccariello, dal 1998 lanciano a \u201cchiunque bussa alla porta\u201d, appunto.<\/p>\n<p>\u201cFraternit\u00e0, preghiera e lavoro\u201d sono state, fin dall\u2019inizio del loro percorso, le motivazioni che hanno spinto questo gruppo di persone a crederci, cos\u00ec tanto da far diventare quel posto, inizialmente una piccola casetta di legno immersa nel verde e nel silenzio alle pendici di un colle, un piccolo paradiso.<\/p>\n<p>Oggi, infatti, quell\u2019oasi \u00e8 diventata una realt\u00e0 in cima alla collina, capace di ospitare non pi\u00f9 un piccolo gruppo, ma una grande famiglia che condivide lo stile evangelico. Il 13 maggio 2005 \u00e8 nata la Fondazione onlus Oasi Regina degli Angeli. Una realt\u00e0 che via via si sta completando e che diventa ogni giorno pi\u00f9 autentica.<\/p>\n<p>Sul sito internet www.reginadegliangeli.it si legge: \u201cIl fine principale della Fondazione \u00e8 quello di promuovere iniziative di solidariet\u00e0 a beneficio di soggetti a causa delle loro condizioni fisiche ed economiche, sociali, familiari o che comunque versino in situazioni di disagio. Con tale opera si vuole concretamente dare un aiuto alle persone bisognose ed accendere in loro la certezza che esiste un futuro migliore\u201d.<\/p>\n","protected":false},"excerpt":{"rendered":"<p>Il 13 maggio 2005 \u00e8 nata la Fondazione onlus Oasi Regina degli Angeli guidata da Padre Carmine Zaccariello. Una realt\u00e0 che via via si sta completando e che diventa ogni giorno pi\u00f9 autentica. In questi anni molti sono stati i corsi per apicoltori tenutisi presso l\u2019Oasi Regina degli Angeli, ad Ameglio di Marzano Appio (Caserta). [&hellip;]<\/p>\n","protected":false},"author":6309,"featured_media":0,"comment_status":"open","ping_status":"open","sticky":false,"template":"","format":"standard","meta":{"footnotes":""},"categories":[19188],"tags":[27545,1814],"class_list":["post-51071","post","type-post","status-publish","format-standard","hentry","category-volontariato-e-societa","tag-fondazione-onlus","tag-onlus"],"_links":{"self":[{"href":"https:\/\/www.area-press.eu\/comunicatistampa\/wp-json\/wp\/v2\/posts\/51071","targetHints":{"allow":["GET"]}}],"collection":[{"href":"https:\/\/www.area-press.eu\/comunicatistampa\/wp-json\/wp\/v2\/posts"}],"about":[{"href":"https:\/\/www.area-press.eu\/comunicatistampa\/wp-json\/wp\/v2\/types\/post"}],"author":[{"embeddable":true,"href":"https:\/\/www.area-press.eu\/comunicatistampa\/wp-json\/wp\/v2\/users\/6309"}],"replies":[{"embeddable":true,"href":"https:\/\/www.area-press.eu\/comunicatistampa\/wp-json\/wp\/v2\/comments?post=51071"}],"version-history":[{"count":2,"href":"https:\/\/www.area-press.eu\/comunicatistampa\/wp-json\/wp\/v2\/posts\/51071\/revisions"}],"predecessor-version":[{"id":51073,"href":"https:\/\/www.area-press.eu\/comunicatistampa\/wp-json\/wp\/v2\/posts\/51071\/revisions\/51073"}],"wp:attachment":[{"href":"https:\/\/www.area-press.eu\/comunicatistampa\/wp-json\/wp\/v2\/media?parent=51071"}],"wp:term":[{"taxonomy":"category","embeddable":true,"href":"https:\/\/www.area-press.eu\/comunicatistampa\/wp-json\/wp\/v2\/categories?post=51071"},{"taxonomy":"post_tag","embeddable":true,"href":"https:\/\/www.area-press.eu\/comunicatistampa\/wp-json\/wp\/v2\/tags?post=51071"}],"curies":[{"name":"wp","href":"https:\/\/api.w.org\/{rel}","templated":true}]}}