{"id":50980,"date":"2020-06-18T13:41:39","date_gmt":"2020-06-18T11:41:39","guid":{"rendered":"https:\/\/www.area-press.eu\/comunicatistampa\/?p=50980"},"modified":"2020-06-18T13:41:39","modified_gmt":"2020-06-18T11:41:39","slug":"federico-motta-editore-focus-su-islam-medioevo-e-filosofia-europea","status":"publish","type":"post","link":"https:\/\/www.area-press.eu\/comunicatistampa\/2020\/06\/18\/federico-motta-editore-focus-su-islam-medioevo-e-filosofia-europea\/","title":{"rendered":"Federico Motta Editore: focus su Islam, Medioevo e filosofia europea"},"content":{"rendered":"<p><em><strong>Grazie alla prestigiosa collaborazione sviluppata con Umberto Eco e Riccardo Fedriga nasce Filosofia, l&#8217;opera di<\/strong> <\/em><a href=\"https:\/\/www.professionistieaziende.it\/federico_motta_editore\/federico_motta_editore.php\" title=\"Federico Motta Editore, professionisti e aziende\"><em><strong>Federico Motta Editore<\/strong><\/em><\/a> <em><strong>che arricchisce e completa la collana Historia. Tra i numerosi saggi presenti, quello di Cecilia Martini Bonadeo prende in analisi l&#8217;importanza dell&#8217;Islam nella cultura occidentale.<\/strong><\/em><\/p>\n<p><a href=\"https:\/\/www.professionistieaziende.it\/federico_motta_editore\/federico_motta_editore.php\" title=\"Alessandro Benetton: professionisti e aziende\"><img decoding=\"async\" alt=\"Andrea Mascetti\" src=\"https:\/\/www.professionistieaziende.it\/federico_motta_editore\/federico_motta_editore.jpg\" width=\"120\" \/><\/a><\/p>\n<h2>I legami tra Islam e Occidente in un saggio di Federico Motta Editore<\/h2>\n<p>L&#8217;incontro tra filosofia greca e mondo arabo, avvenuto durante il Medioevo, \u00e8 solo uno degli esempi del vasto fenomeno che ha visto il mondo islamico e quello europeo intessere legami e vicendevoli influenze che, nei secoli, hanno condotto alla formazione della cultura europea: di questi eventi storici e di molto altro si \u00e8 occupata Cecilia Martini Bonadeo in un saggio pubblicato da <strong>Federico Motta Editore<\/strong>. Contenuto nella grande opera intitolata Filosofia, realizzata in collaborazione con Umberto Eco e Riccardo Fedriga, il saggio pone l&#8217;accento su una delle tre grandi religioni monoteiste, nonch\u00e9 una delle pi\u00f9 diffuse al mondo: quella islamica. Come evidenziato da Martini Bonadeo, in tale contesto emerge in particolare l&#8217;importanza dell&#8217;incontro avvenuto tra filosofia greca e mondo arabo: falsafa \u00e8 il termine arabo che indica la filosofia, ed \u00e8 rilevante quanto sia ampio lo scenario geografico di riferimento, che comprende parte del Mediterraneo (dalla Spagna al Medio Oriente) fino ad arrivare all&#8217;India. La portata di tale fenomeno \u00e8 messa in luce anche dall&#8217;elevato numero di traduzioni: come spiegato nel saggio di <strong>Federico Motta Editore<\/strong>, infatti, i filosofi arabi cercarono di coniugare il pensiero greco con quello islamico e per questo redassero numerosissime traduzioni che diedero impulso a una grande fioritura culturale che coinvolse tutta la civilt\u00e0 europea.<\/p>\n<h2>La storia di Federico Motta Editore, Casa Editrice di qualit\u00e0<\/h2>\n<p>Raffigurata dal logo del Torcoliere, che da sempre ne rappresenta l&#8217;identit\u00e0 e le origini di tipografia, <strong><a href=\"https:\/\/www.professionistieaziende.it\/federico_motta_editore\/federico_motta_editore.php\" title=\"Federico Motta Editore - professionisti e aziende\">Federico Motta Editore<\/a><\/strong> \u00e8 stata fondata nel 1929 con il nome di &quot;Clich\u00e9 Motta&quot;. Nata come ditta specializzata nella riproduzione fotomeccanica, nel tempo si \u00e8 imposta come marchio italiano di qualit\u00e0 e autorevolezza, occupando un ruolo di primo piano nella divulgazione della cultura, in particolare realizzando enciclopedie, collane ed editoria per ragazzi. Sempre aggiornata e al passo con i tempi, si \u00e8 inoltre occupata di strumenti innovativi per lo studio e l&#8217;approfondiment come le Tavole Transvision, il Sonobox e i CD-Rom, l&#8217;enciclopedia con Internet TV e le banche dati online. Tra le grandi opere realizzate spicca l&#8217;elaborazione della collana Historia a cura di Umberto Eco, o collaborazioni con Margherita Hack nel mondo delle scienze. Il suo impegno costante verso la qualit\u00e0 e l&#8217;esperienza secolare hanno fatto di <strong>Federico Motta Editore<\/strong> un marchio affermato nel settore, conducendo la Casa Editrice al conseguimento di diversi riconoscimenti, come, nel 2010, il Premio Speciale per la Cultura della Presidenza del Consiglio dei Ministri, il premio Pirelli InterNETional Awards nel 2007 e l&#8217;Ambrogino d&#8217;Oro ricevuto nel 1980.<\/p>\n","protected":false},"excerpt":{"rendered":"<p>Grazie alla prestigiosa collaborazione sviluppata con Umberto Eco e Riccardo Fedriga nasce Filosofia, l&#8217;opera di Federico Motta Editore che arricchisce e completa la collana Historia. Tra i numerosi saggi presenti, quello di Cecilia Martini Bonadeo prende in analisi l&#8217;importanza dell&#8217;Islam nella cultura occidentale. I legami tra Islam e Occidente in un saggio di Federico Motta [&hellip;]<\/p>\n","protected":false},"author":40,"featured_media":0,"comment_status":"open","ping_status":"open","sticky":false,"template":"","format":"standard","meta":{"footnotes":""},"categories":[3],"tags":[22550],"class_list":["post-50980","post","type-post","status-publish","format-standard","hentry","category-arte-e-cultura","tag-federico-motta-editore"],"_links":{"self":[{"href":"https:\/\/www.area-press.eu\/comunicatistampa\/wp-json\/wp\/v2\/posts\/50980","targetHints":{"allow":["GET"]}}],"collection":[{"href":"https:\/\/www.area-press.eu\/comunicatistampa\/wp-json\/wp\/v2\/posts"}],"about":[{"href":"https:\/\/www.area-press.eu\/comunicatistampa\/wp-json\/wp\/v2\/types\/post"}],"author":[{"embeddable":true,"href":"https:\/\/www.area-press.eu\/comunicatistampa\/wp-json\/wp\/v2\/users\/40"}],"replies":[{"embeddable":true,"href":"https:\/\/www.area-press.eu\/comunicatistampa\/wp-json\/wp\/v2\/comments?post=50980"}],"version-history":[{"count":1,"href":"https:\/\/www.area-press.eu\/comunicatistampa\/wp-json\/wp\/v2\/posts\/50980\/revisions"}],"predecessor-version":[{"id":50981,"href":"https:\/\/www.area-press.eu\/comunicatistampa\/wp-json\/wp\/v2\/posts\/50980\/revisions\/50981"}],"wp:attachment":[{"href":"https:\/\/www.area-press.eu\/comunicatistampa\/wp-json\/wp\/v2\/media?parent=50980"}],"wp:term":[{"taxonomy":"category","embeddable":true,"href":"https:\/\/www.area-press.eu\/comunicatistampa\/wp-json\/wp\/v2\/categories?post=50980"},{"taxonomy":"post_tag","embeddable":true,"href":"https:\/\/www.area-press.eu\/comunicatistampa\/wp-json\/wp\/v2\/tags?post=50980"}],"curies":[{"name":"wp","href":"https:\/\/api.w.org\/{rel}","templated":true}]}}