{"id":50978,"date":"2020-06-18T13:41:39","date_gmt":"2020-06-18T11:41:39","guid":{"rendered":"https:\/\/www.area-press.eu\/comunicatistampa\/?p=50978"},"modified":"2020-06-18T13:41:39","modified_gmt":"2020-06-18T11:41:39","slug":"focus-sulla-carriera-di-umberto-benezzoli-ivri-gruppo-sicuritalia","status":"publish","type":"post","link":"https:\/\/www.area-press.eu\/comunicatistampa\/2020\/06\/18\/focus-sulla-carriera-di-umberto-benezzoli-ivri-gruppo-sicuritalia\/","title":{"rendered":"Focus sulla carriera di Umberto Benezzoli (IVRI &#8211; Gruppo Sicuritalia)"},"content":{"rendered":"<p><em><strong><a href=\"https:\/\/www.xing.com\/profile\/Umberto_Benezzoli\" title=\"Umberto Benezzoli, xing\">Umberto Benezzoli<\/a> ha esperienze di rilievo in diversi ambiti, da quello dei sistemi IT all&#8217;amministrazione e alla finanza. Attualmente \u00e8 Amministratore Delegato di IVRI &#8211; Gruppo Sicuritalia, leader nel settore della Security e dei Servizi Ausiliari. <\/strong><\/em><\/p>\n<p><a href=\"https:\/\/www.xing.com\/profile\/Umberto_Benezzoli\" title=\"Umberto Benezzoli, profilo xing\"><img decoding=\"async\" alt=\"Umberto Benezzoli\" src=\"https:\/\/www.executivemanager.it\/images\/comprofiler\/564_5e283052b459d.jpg\" width=\"120\" \/><\/a><\/p>\n<h2>Umberto Benezzoli: i primi anni di carriera <\/h2>\n<p>Nato a La Spezia, <strong>Umberto Benezzoli<\/strong> \u00e8 un manager dalla comprovata esperienza: le sue competenze abbracciano diversi ambiti, da quello organizzativo e delle risorse umane ai sistemi IT, all&#8217;amministrazione e finanza, ai controlli interni, al legale e regolamentare. Laureato in Economia e Commercio presso l&#8217;Universit\u00e0 degli Studi di Genova, entra nel mondo del lavoro nel 1987: \u00e8 nel Comitato Fiere Industria di Confindustria in qualit\u00e0 di Segretario Generale. In seguito, ricopre lo stesso ruolo nell&#8217;Ente Autonomo Fiera di Verona, contribuendo a svilupparne la leadership anche a livello internazionale. Nel 1998 <strong>Umberto Benezzoli<\/strong> diventa Direttore del Dipartimento Risorse umane e finanziarie dell&#8217;Autorit\u00e0 per le Garanzie nelle Comunicazioni: in soli due anni la conduce alla piena operativit\u00e0 e apertura alla concorrenza nel settore delle Telecomunicazioni. Le sue responsabilit\u00e0 crescono di anno in anno, con diversi incarichi di crescente importanza. Fondamentali restano le esperienze in qualit\u00e0 di Direttore della Giunta della Regione Lombardia, con competenze di rilievo come quelle all&#8217;Agricoltura e all&#8217;Ambiente ed Energia, e in qualit\u00e0 di Direttore Generale di ARPA Lombardia &#8211; Agenzia Regionale per la Protezione dell&#8217;Ambiente, avviata nel 2010. <\/p>\n<h2>Umberto Benezzoli: gli altri incarichi <\/h2>\n<p>Attualmente <strong><a href=\"https:\/\/www.xing.com\/profile\/Umberto_Benezzoli\" title=\"Umberto Benezzoli, profilo xing\">Umberto Benezzoli<\/a><\/strong> \u00e8 Amministratore Delegato di IVRI &#8211; Gruppo Sicuritalia, leader nell&#8217;ambito della Security e dei Servizi Ausiliari. \u00c8 inoltre Chief Integration Officer per il Gruppo Sicuritalia, nonch\u00e9 Presidente e Consigliere Delegato per le Societ\u00e0 del Gruppo IVRI &#8211; Istituti di Vigilanza Riuniti d&#8217;Italia (in seguito all&#8217;acquisizione di quest&#8217;ultimo da parte di Sicuritalia). Dal 2015 al 2018 \u00e8 stato Direttore Generale di FNM S.p.A., societ\u00e0 quotata alla Borsa di Milano: grazie a questa esperienza, il professionista \u00e8 entrato a far parte dei Consigli di Amministrazione di diverse societ\u00e0 di trasporti quali Trenord, ATV, DBCI e Fuorimuro. Si \u00e8 reso cos\u00ec protagonista di operazioni importanti, che hanno portato a un miglioramento di redditivit\u00e0 e remunerazione per gli azionisti. <strong>Umberto Benezzoli<\/strong> \u00e8 passato a Roland Berger nel 2019, societ\u00e0 di consulenza strategica e aziendale attiva su scala globale. Ha svolto il ruolo di Senior Advisor Infrastrutture, Trasporti e Logistica, occupandosi anche di Piani Strategici e Industriali e contribuendo allo sviluppo di operazioni di M&amp;A per conto di Soggetti finanziari e industriali. \u00c8 stato Segretario Generale di AssoArpa e Membro del Board di Impel, oltre a ricoprire l&#8217;incarico di Vice Presidente di UITP (Organizzazione Mondiale del Trasporto Pubblico). <\/p>\n","protected":false},"excerpt":{"rendered":"<p>Umberto Benezzoli ha esperienze di rilievo in diversi ambiti, da quello dei sistemi IT all&#8217;amministrazione e alla finanza. Attualmente \u00e8 Amministratore Delegato di IVRI &#8211; Gruppo Sicuritalia, leader nel settore della Security e dei Servizi Ausiliari. Umberto Benezzoli: i primi anni di carriera Nato a La Spezia, Umberto Benezzoli \u00e8 un manager dalla comprovata esperienza: [&hellip;]<\/p>\n","protected":false},"author":40,"featured_media":0,"comment_status":"open","ping_status":"open","sticky":false,"template":"","format":"standard","meta":{"footnotes":""},"categories":[29],"tags":[26858],"class_list":["post-50978","post","type-post","status-publish","format-standard","hentry","category-comunicati","tag-umberto-benezzoli"],"_links":{"self":[{"href":"https:\/\/www.area-press.eu\/comunicatistampa\/wp-json\/wp\/v2\/posts\/50978","targetHints":{"allow":["GET"]}}],"collection":[{"href":"https:\/\/www.area-press.eu\/comunicatistampa\/wp-json\/wp\/v2\/posts"}],"about":[{"href":"https:\/\/www.area-press.eu\/comunicatistampa\/wp-json\/wp\/v2\/types\/post"}],"author":[{"embeddable":true,"href":"https:\/\/www.area-press.eu\/comunicatistampa\/wp-json\/wp\/v2\/users\/40"}],"replies":[{"embeddable":true,"href":"https:\/\/www.area-press.eu\/comunicatistampa\/wp-json\/wp\/v2\/comments?post=50978"}],"version-history":[{"count":1,"href":"https:\/\/www.area-press.eu\/comunicatistampa\/wp-json\/wp\/v2\/posts\/50978\/revisions"}],"predecessor-version":[{"id":50979,"href":"https:\/\/www.area-press.eu\/comunicatistampa\/wp-json\/wp\/v2\/posts\/50978\/revisions\/50979"}],"wp:attachment":[{"href":"https:\/\/www.area-press.eu\/comunicatistampa\/wp-json\/wp\/v2\/media?parent=50978"}],"wp:term":[{"taxonomy":"category","embeddable":true,"href":"https:\/\/www.area-press.eu\/comunicatistampa\/wp-json\/wp\/v2\/categories?post=50978"},{"taxonomy":"post_tag","embeddable":true,"href":"https:\/\/www.area-press.eu\/comunicatistampa\/wp-json\/wp\/v2\/tags?post=50978"}],"curies":[{"name":"wp","href":"https:\/\/api.w.org\/{rel}","templated":true}]}}