{"id":50972,"date":"2020-06-18T13:41:38","date_gmt":"2020-06-18T11:41:38","guid":{"rendered":"https:\/\/www.area-press.eu\/comunicatistampa\/?p=50972"},"modified":"2020-06-18T13:41:38","modified_gmt":"2020-06-18T11:41:38","slug":"claudio-bertini-al-convegno-di-ancona-sulle-norme-per-la-tutela-dellambiente","status":"publish","type":"post","link":"https:\/\/www.area-press.eu\/comunicatistampa\/2020\/06\/18\/claudio-bertini-al-convegno-di-ancona-sulle-norme-per-la-tutela-dellambiente\/","title":{"rendered":"Claudio Bertini al Convegno di Ancona sulle norme per la tutela dell\u2019ambiente"},"content":{"rendered":"<p><em><strong><a href=\"https:\/\/www.energiaeambiente.eu\/claudio-bertini-relatore-nel-convegno-per-riflettere-sui-20-anni-dellautorizzazione-integrata-ambientale-integrated-prevention-pollution-control\/\" title=\"Claudio Bertini al convegno aia\">Claudio Bertini<\/a> \u00e8 consulente e verificatore ambientale presso svariate aziende di medie e grandi dimensioni. La sua esperienza lavorativa lo ha portato a organizzare e partecipare a diversi eventi legati alle tematiche della tutela ambientale. <\/strong><\/em><\/p>\n<h2>Claudio Bertini: il Convegno &quot;AIA&quot; <\/h2>\n<p>Si \u00e8 svolto ad Ancona il Convegno <em>&quot;AIA, l&#8217;Innovazione normativa a tutela dell&#8217;ambiente&quot;<\/em>. L&#8217;evento, tenutosi presso il SeeBay Hotel a Portonovo, ha coinvolto anche <strong>Claudio Bertini<\/strong>, Responsabile Autorizzazione Integrata Ambientale di CAE Srl. L&#8217;iniziativa era volta a ricordare i vent&#8217;anni trascorsi dall&#8217;entrata in vigore del Decreto Legislativo 4 agosto 1999, n.372, incentrato sulla Prevenzione e Riduzione Integrate dell&#8217;Inquinamento (IPPC). Il Decreto, al momento della sua attuazione, puntava a rendere finalmente centrale la tematica dell&#8217;inquinamento ambientale, agevolando le imprese nella sistematica analisi dell&#8217;impatto derivante dai cicli di produzione. Molti obiettivi sono stati raggiunti da allora, ma non tutti. Il Convegno \u00e8 stato dunque un&#8217;ottima occasione per riflettere sui problemi che ancora affrontano le aziende in merito a queste tematiche. Tra i numerosi relatori di importanza regionale, nazionale e internazionale, <strong>Claudio Bertini<\/strong> ed Ecocae hanno partecipato per far riflettere i presenti sui traguardi raggiunti e sulle opportunit\u00e0 che ancora esistono per salvaguardare l&#8217;ambiente al meglio. <\/p>\n<h2>Claudio Bertini: gli studi e la carriera <\/h2>\n<p><strong><a href=\"https:\/\/www.energiaeambiente.eu\/claudio-bertini-relatore-nel-convegno-per-riflettere-sui-20-anni-dellautorizzazione-integrata-ambientale-integrated-prevention-pollution-control\/\" title=\"Claudio Bertini: convegno aia\">Claudio Bertini<\/a><\/strong> \u00e8 laureato in Biologia presso l&#8217;Universit\u00e0 Politecnica delle Marche. Oggi \u00e8 consulente e verificatore ambientale presso svariate aziende di medie e grandi dimensioni. Specializzato in Biologia Marina, ha conseguito un master in Recupero Ambientale con l&#8217;utilizzo di tecnologie innovative, Bioremediation e Biotecnologie. Ha frequentato il corso per Revisori Ambientali\/Ecoauditors ai sensi della norma UNI EN ISO 14001, presso Confindustria a Roma, specializzandosi in seguito in gestione aziendale di problematiche relative all&#8217;ambiente (smaltimento dei rifiuti, emissioni in atmosfera, scarichi idrici, energia, suolo e sottosuolo, Autorizzazione Integrata Ambientale, Environmental Risk Analysis e Money Saving Ambientale). <strong>Claudio Bertini<\/strong> \u00e8 iscritto all&#8217;ordine nazionale dei biologi. Ha collaborato con l&#8217;Universit\u00e0 Politecnica delle Marche come consulente in materia ambientale. Tutt&#8217;oggi organizza e partecipa a diversi progetti e convegni su tematiche legate allo Sviluppo Sostenibile, alla Valutazione dell&#8217;Impatto Ambientale e ai Sistemi di Gestione Ambientale. \u00c8 docente formatore in diversi corsi di gestione e legislazione ambientale. Dal 2010 \u00e8 responsabile ambientale presso la Somipress srl di Castelfidardo, azienda internazionale che svolge attivit\u00e0 di pressofusione di leghe di allumino.<\/p>\n","protected":false},"excerpt":{"rendered":"<p>Claudio Bertini \u00e8 consulente e verificatore ambientale presso svariate aziende di medie e grandi dimensioni. La sua esperienza lavorativa lo ha portato a organizzare e partecipare a diversi eventi legati alle tematiche della tutela ambientale. Claudio Bertini: il Convegno &quot;AIA&quot; Si \u00e8 svolto ad Ancona il Convegno &quot;AIA, l&#8217;Innovazione normativa a tutela dell&#8217;ambiente&quot;. L&#8217;evento, tenutosi [&hellip;]<\/p>\n","protected":false},"author":40,"featured_media":0,"comment_status":"open","ping_status":"open","sticky":false,"template":"","format":"standard","meta":{"footnotes":""},"categories":[8],"tags":[26898],"class_list":["post-50972","post","type-post","status-publish","format-standard","hentry","category-eventi","tag-claudio-bertini"],"_links":{"self":[{"href":"https:\/\/www.area-press.eu\/comunicatistampa\/wp-json\/wp\/v2\/posts\/50972","targetHints":{"allow":["GET"]}}],"collection":[{"href":"https:\/\/www.area-press.eu\/comunicatistampa\/wp-json\/wp\/v2\/posts"}],"about":[{"href":"https:\/\/www.area-press.eu\/comunicatistampa\/wp-json\/wp\/v2\/types\/post"}],"author":[{"embeddable":true,"href":"https:\/\/www.area-press.eu\/comunicatistampa\/wp-json\/wp\/v2\/users\/40"}],"replies":[{"embeddable":true,"href":"https:\/\/www.area-press.eu\/comunicatistampa\/wp-json\/wp\/v2\/comments?post=50972"}],"version-history":[{"count":2,"href":"https:\/\/www.area-press.eu\/comunicatistampa\/wp-json\/wp\/v2\/posts\/50972\/revisions"}],"predecessor-version":[{"id":50974,"href":"https:\/\/www.area-press.eu\/comunicatistampa\/wp-json\/wp\/v2\/posts\/50972\/revisions\/50974"}],"wp:attachment":[{"href":"https:\/\/www.area-press.eu\/comunicatistampa\/wp-json\/wp\/v2\/media?parent=50972"}],"wp:term":[{"taxonomy":"category","embeddable":true,"href":"https:\/\/www.area-press.eu\/comunicatistampa\/wp-json\/wp\/v2\/categories?post=50972"},{"taxonomy":"post_tag","embeddable":true,"href":"https:\/\/www.area-press.eu\/comunicatistampa\/wp-json\/wp\/v2\/tags?post=50972"}],"curies":[{"name":"wp","href":"https:\/\/api.w.org\/{rel}","templated":true}]}}