{"id":50850,"date":"2020-06-14T23:14:05","date_gmt":"2020-06-14T21:14:05","guid":{"rendered":"https:\/\/www.area-press.eu\/comunicatistampa\/?p=50850"},"modified":"2020-06-14T23:14:05","modified_gmt":"2020-06-14T21:14:05","slug":"un-omaggio-a-pasqualino-tolmezzo-fidca-udine","status":"publish","type":"post","link":"https:\/\/www.area-press.eu\/comunicatistampa\/2020\/06\/14\/un-omaggio-a-pasqualino-tolmezzo-fidca-udine\/","title":{"rendered":"Un omaggio a Pasqualino Tolmezzo.FIDCA Udine"},"content":{"rendered":"<p>Cari lettori, quella che vi voglio raccontare oggi \u00e8 una storia ai pi\u00f9 sconosciuta ma che vuol dimostrare la nobilt\u00e0 d\u2019animo del soldato italiano in guerra. Questo avvenimento ha inizio durante la guerra libica del 1911-13. Protagonista \u00e8 l\u2019Ottavo Reggimento alpini che si trova impegnato, su ordine del Generale Cantore, nell\u2019intervento atto a distruggere un campo nemico messo su da una trib\u00f9 beduina alleata dei turchi. L\u2019attacco avviene e il nemico \u00e8 messo in fuga; finita la battaglia si passa al rastrellamento del campo abbandonato, cercando feriti o persone che abbiano bisogno di aiuto. Alcuni alpini controllando l\u2019interno di una tenda scoprono una donna gravemente ferita a causa dei combattimenti con, a lei vicino, un bambino di circa un anno che piange disperato. Chiamato prontamente un medico purtroppo le ferite della donna sono troppo gravi e muore poco dopo ma con quanto fiato gli rimane riesce a pronunciare poche parole: \u201c Voi italiani buoni\u2026.non come turchi\u2026questo mio figlio! Occupatevi di lui.\u201d Gli alpini restano stupiti dell\u2019accaduto e si domandano come agire, visto che i regolamenti vietano tassativamente una cosa del genere. Alla fine un alpino lo prende in braccio e per calmarlo, assieme ad altri suoi commilitoni, si mettono a giocare e scherzare con lui. In quel momento arriva il generale Cantore che si commuove nel vedere tale situazione: \u201c Bisogna regolarizzare tale situazione!! Che venga adottato immediatamente! Da noi tutti! E che tutti facciano la loro parte!\u201d Gli alpini sono entusiasti e si comincia con il trovare una \u201ctata\u201d per il bambino; il ruolo viene affidato al sergente maggiore Michele Toldo il quale, basandosi sui consigli e istruzioni inviategli per posta dalla fidanzata in Italia, se ne prende amorevole cura con pappine di latte condensato e altro tratto dal rancio. Serve per\u00f2 un nome!\u00a0 E\u2019 stato trovato il giorno di Pasqua quindi Pasqualino ci pu\u00f2 ben stare, il cognome? Tolmezzo , dal nome del reparto che lo ha ritrovato. E Pasqualino Tolmezzo sia! Quando il battaglione torna in Italia, a Udine, Pasqualino viene affidato a un istituto di suore, sempre a spese del reparto alpino, dove cresce e nella scuola interna viene promosso a scuola con ottimi voti. I contatti con gli alpini sono sempre strettissimi, viene in seguito cresciuto a casa del padre del Generale Morra, sempre a Udine. Il giorno 10 Maggio 1923 Pasqualino diventa a tutti gli effetti cittadino italiano e iscritto all\u2019anagrafe di Udine. Passa il tempo , Pasqualino ha un desiderio, diventare un alpino, e il suo auspicio comincia a delinearsi. Giunto in et\u00e0, viene mandato all\u2019Accademia Militare di Modena dalla quale esce brillantemente con i gradi di Sottotenente alpino del Regio Esercito. Sembra quindi che un roseo futuro si prospetti per Pasqualino quando a soli 23 anni viene colpito da una violenta forma di tubercolosi che in breve lo porta alla morte. Pasqualino viene seppellito con tutti gli onori, dai suoi alpini, nel cimitero di Udine dove tuttora riposa. Triste sorte toccher\u00e0 anche alla sua \u201ctata\u201d, il sergente maggiore Toldo che morir\u00e0 da prigioniero, di stenti, in un campo di concentramento nel 1944.<\/p>\n<p>Vi ho voluto raccontare questa storia per sottolineare, oltre all\u2019incredibilit\u00e0 di tutta la vicenda, la profonda umanit\u00e0 che ha sempre pervaso l\u2019animo del soldato italiano ieri come oggi, capace di farsi ben volere dovunque esso sia stato presente, al di l\u00e0 di ogni situazione di conflitto. Uno stile che non pu\u00f2 che renderci fieri di appartenere a queste forze armate ieri, oggi e anche in futuro.<\/p>\n<p>&nbsp;<\/p>\n<p>FABIO GALIMBERTI-FIDCA UDINE<\/p>\n<p>14 Giugno 2020<\/p>\n","protected":false},"excerpt":{"rendered":"<p>Cari lettori, quella che vi voglio raccontare oggi \u00e8 una storia ai pi\u00f9 sconosciuta ma che vuol dimostrare la nobilt\u00e0 d\u2019animo del soldato italiano in guerra. Questo avvenimento ha inizio durante la guerra libica del 1911-13. Protagonista \u00e8 l\u2019Ottavo Reggimento alpini che si trova impegnato, su ordine del Generale Cantore, nell\u2019intervento atto a distruggere un [&hellip;]<\/p>\n","protected":false},"author":197,"featured_media":0,"comment_status":"open","ping_status":"open","sticky":false,"template":"","format":"standard","meta":{"footnotes":""},"categories":[19188],"tags":[27473,27472,27470,27469,27471],"class_list":["post-50850","post","type-post","status-publish","format-standard","hentry","category-volontariato-e-societa","tag-federazione-italiana-dei-combattenti-alleati","tag-fidca-udine","tag-galimberti-fabio","tag-pasqualino-tolmezzo","tag-quattrocchi-antonello"],"_links":{"self":[{"href":"https:\/\/www.area-press.eu\/comunicatistampa\/wp-json\/wp\/v2\/posts\/50850","targetHints":{"allow":["GET"]}}],"collection":[{"href":"https:\/\/www.area-press.eu\/comunicatistampa\/wp-json\/wp\/v2\/posts"}],"about":[{"href":"https:\/\/www.area-press.eu\/comunicatistampa\/wp-json\/wp\/v2\/types\/post"}],"author":[{"embeddable":true,"href":"https:\/\/www.area-press.eu\/comunicatistampa\/wp-json\/wp\/v2\/users\/197"}],"replies":[{"embeddable":true,"href":"https:\/\/www.area-press.eu\/comunicatistampa\/wp-json\/wp\/v2\/comments?post=50850"}],"version-history":[{"count":1,"href":"https:\/\/www.area-press.eu\/comunicatistampa\/wp-json\/wp\/v2\/posts\/50850\/revisions"}],"predecessor-version":[{"id":50851,"href":"https:\/\/www.area-press.eu\/comunicatistampa\/wp-json\/wp\/v2\/posts\/50850\/revisions\/50851"}],"wp:attachment":[{"href":"https:\/\/www.area-press.eu\/comunicatistampa\/wp-json\/wp\/v2\/media?parent=50850"}],"wp:term":[{"taxonomy":"category","embeddable":true,"href":"https:\/\/www.area-press.eu\/comunicatistampa\/wp-json\/wp\/v2\/categories?post=50850"},{"taxonomy":"post_tag","embeddable":true,"href":"https:\/\/www.area-press.eu\/comunicatistampa\/wp-json\/wp\/v2\/tags?post=50850"}],"curies":[{"name":"wp","href":"https:\/\/api.w.org\/{rel}","templated":true}]}}