{"id":50260,"date":"2020-05-22T01:12:11","date_gmt":"2020-05-21T23:12:11","guid":{"rendered":"https:\/\/www.area-press.eu\/comunicatistampa\/?p=50260"},"modified":"2020-05-22T01:12:11","modified_gmt":"2020-05-21T23:12:11","slug":"vito-gamberale-focus-sul-sistema-sanitario-nellemergenza-coronavirus","status":"publish","type":"post","link":"https:\/\/www.area-press.eu\/comunicatistampa\/2020\/05\/22\/vito-gamberale-focus-sul-sistema-sanitario-nellemergenza-coronavirus\/","title":{"rendered":"Vito Gamberale: focus sul sistema sanitario nell\u2019emergenza Coronavirus"},"content":{"rendered":"<p><em><strong>Rimettere mano alla sanit\u00e0, pensare a un modello pi\u00f9 efficiente e virtuoso che lasci fuori la politica e gli interessi, spesso speculativi, dei privati: l&#8217;invito di <\/strong><\/em><em><strong><a title=\"il focus di Vito Gamberale sul sistema sanitario italiano\" href=\"https:\/\/www.secoloditalia.it\/2020\/04\/sanita-il-jaccuse-del-super-manager-gamberale-il-futuro-della-sanita-fuori-la-politica\/\">Gamberale<\/a> alla luce di quanto ha evidenziato l&#8217;emergenza Coronavirus.<\/strong><\/em><\/p>\n<p><a title=\"Vito Gamberale\" href=\"https:\/\/www.secoloditalia.it\/2020\/04\/sanita-il-jaccuse-del-super-manager-gamberale-il-futuro-della-sanita-fuori-la-politica\/\"><img loading=\"lazy\" decoding=\"async\" src=\"https:\/\/www.secoloditalia.it\/files\/2020\/04\/WhatsApp-Image-2020-04-02-at-18.54.32-640x267.jpg\" alt=\"Vito Gamberale\" width=\"120\" height=\"50\" \/><\/a><\/p>\n<h2>Per un nuovo modello di sanit\u00e0, lontano da politica e interessi speculativi: l&#8217;auspicio di Vito Gamberale<\/h2>\n<p><em>&#8220;Il tracollo del sistema sanitario italiano di fronte all&#8217;emergenza Coronavirus fa emergere anche la pressoch\u00e9 generale impreparazione della sanit\u00e0 privata&#8221;<\/em>: lo rileva <strong>Vito Gamberale<\/strong>, manager di lungo corso, gi\u00e0 alla guida di Telecom, Autostrade e F2i e oggi Presidente di Iter capital Partners e Vicepresidente del gruppo Ivs. La sua analisi sulla sanit\u00e0 italiana alle prese con il Coronavirus, ripresa anche in un articolo de &#8220;Il Secolo d&#8217;Italia&#8221;, non fa sconti. Da quella privata a quella pubblica, <em>&#8220;affidata a manager che, nella stragrande maggioranza, non sono mai stati manager&#8221;<\/em>, l&#8217;emergenza ha ben messo in luce quanto sia ormai necessario ripensare al sistema sanitario e ricavarne un nuovo modello <em>&#8220;virtuoso e pi\u00f9 efficiente&#8221;<\/em>. Questo il pensiero di <strong>Vito Gamberale<\/strong>: <em>&#8220;Coinvolgere le casse di previdenza e i fondi pensione. Lasciando fuori dalla porta la politica. E gli interessi, spesso prevalentemente speculativi, dei privati&#8221;<\/em>.<\/p>\n<h2>Vito Gamberale: medici e personale operativo sono i veri eroi di questa guerra contro il Coronavirus<\/h2>\n<p>Nella sua analisi <strong><a title=\"il commento di Vito Gamberale sul futuro del sistema sanitario nazionale\" href=\"https:\/\/www.secoloditalia.it\/2020\/04\/sanita-il-jaccuse-del-super-manager-gamberale-il-futuro-della-sanita-fuori-la-politica\/\">Vito Gamberale<\/a><\/strong> sottolinea inoltre come nella sanit\u00e0 ci siano <em>&#8220;migliaia di cliniche private che in questa situazione si sono trovate fuorigioco&#8221;<\/em> per diverse ragioni: <em>&#8220;Da una parte la mancanza di capitali per attrezzarsi al meglio e dall&#8217;altra la paura dei cittadini che questi luoghi potessero diventare focolai&#8221;<\/em>. Il manager ravvede inoltre un&#8217;ulteriore perplessit\u00e0: <em>&#8220;Tutti sappiamo che in quelle cliniche private essenzialmente lavorano infermieri reclutati con la logica del sistema cooperativo. E che, quindi, non si sa fino a che punto il personale sia effettivamente acculturato, effettivamente preparato e dotato&#8221;<\/em>. Per quanto riguarda la sanit\u00e0 pubblica invece <em>&#8220;al di l\u00e0 dei medici e del personale operativo veri eroi di questa guerra, non si pu\u00f2 santificarne l&#8217;organizzazione&#8221;<\/em>: secondo <strong>Vito Gamberale<\/strong> infatti <em>&#8220;tranne rare eccezioni sappiamo che la sanit\u00e0 pubblica \u00e8 stata sempre condizionata dalla politica&#8221;<\/em>. E in quest&#8217;ottica <em>&#8220;non sempre direttore sanitario e direttore di dipartimento sono persone che hanno una vera competenza. Basta pensare che l&#8217;80 per cento dei bilanci regionali \u00e8 rappresentato dalla spesa per la sanit\u00e0: per dire che gli assetti politici di molte regioni sono determinati dal sistema sanitario privato&#8221;<\/em>.<\/p>\n","protected":false},"excerpt":{"rendered":"<p>Rimettere mano alla sanit\u00e0, pensare a un modello pi\u00f9 efficiente e virtuoso che lasci fuori la politica e gli interessi, spesso speculativi, dei privati: l&#8217;invito di Gamberale alla luce di quanto ha evidenziato l&#8217;emergenza Coronavirus. Per un nuovo modello di sanit\u00e0, lontano da politica e interessi speculativi: l&#8217;auspicio di Vito Gamberale &#8220;Il tracollo del sistema [&hellip;]<\/p>\n","protected":false},"author":40,"featured_media":0,"comment_status":"open","ping_status":"open","sticky":false,"template":"","format":"standard","meta":{"footnotes":""},"categories":[4],"tags":[14698],"class_list":["post-50260","post","type-post","status-publish","format-standard","hentry","category-attualita-e-societa","tag-vito-gamberale"],"_links":{"self":[{"href":"https:\/\/www.area-press.eu\/comunicatistampa\/wp-json\/wp\/v2\/posts\/50260","targetHints":{"allow":["GET"]}}],"collection":[{"href":"https:\/\/www.area-press.eu\/comunicatistampa\/wp-json\/wp\/v2\/posts"}],"about":[{"href":"https:\/\/www.area-press.eu\/comunicatistampa\/wp-json\/wp\/v2\/types\/post"}],"author":[{"embeddable":true,"href":"https:\/\/www.area-press.eu\/comunicatistampa\/wp-json\/wp\/v2\/users\/40"}],"replies":[{"embeddable":true,"href":"https:\/\/www.area-press.eu\/comunicatistampa\/wp-json\/wp\/v2\/comments?post=50260"}],"version-history":[{"count":2,"href":"https:\/\/www.area-press.eu\/comunicatistampa\/wp-json\/wp\/v2\/posts\/50260\/revisions"}],"predecessor-version":[{"id":50262,"href":"https:\/\/www.area-press.eu\/comunicatistampa\/wp-json\/wp\/v2\/posts\/50260\/revisions\/50262"}],"wp:attachment":[{"href":"https:\/\/www.area-press.eu\/comunicatistampa\/wp-json\/wp\/v2\/media?parent=50260"}],"wp:term":[{"taxonomy":"category","embeddable":true,"href":"https:\/\/www.area-press.eu\/comunicatistampa\/wp-json\/wp\/v2\/categories?post=50260"},{"taxonomy":"post_tag","embeddable":true,"href":"https:\/\/www.area-press.eu\/comunicatistampa\/wp-json\/wp\/v2\/tags?post=50260"}],"curies":[{"name":"wp","href":"https:\/\/api.w.org\/{rel}","templated":true}]}}