{"id":49952,"date":"2020-05-12T17:29:07","date_gmt":"2020-05-12T15:29:07","guid":{"rendered":"https:\/\/www.area-press.eu\/comunicatistampa\/?p=49952"},"modified":"2020-05-12T17:29:07","modified_gmt":"2020-05-12T15:29:07","slug":"kleos-il-software-gestionale-per-studio-legale","status":"publish","type":"post","link":"https:\/\/www.area-press.eu\/comunicatistampa\/2020\/05\/12\/kleos-il-software-gestionale-per-studio-legale\/","title":{"rendered":"Kleos, il software gestionale per studio legale"},"content":{"rendered":"<p><img loading=\"lazy\" decoding=\"async\" class=\"aligncenter\" src=\"https:\/\/marcodimizio.com\/wp-content\/uploads\/2018\/03\/prezzi_gestionale_studio_legale-1.jpg\" alt=\"\" width=\"390\" height=\"231\" \/><\/p>\n<p><strong>Kleos<\/strong> \u00e8 il primo software gestionale per studio legale sviluppato in Italia. \u00c8 uno strumento pensato e <strong>realizzato da avvocati per avvocati<\/strong>, in grado di gestire le pratiche e le attivit\u00e0 quotidiane di lavoro in maniera efficiente ovunque tu ti trovi, da qualsiasi dispositivo mobile tu preferisca come ad esempio smartphone o tablet, ma non solo. Grazie a <strong>Kleos<\/strong> potrai organizzare le tue pratiche ed i tuoi file in maniera ordinata ed intuitiva e che consente di utilizzare le pratiche per avere sempre a portata di mano tutti i documenti relativi alle cause o procedimenti.<\/p>\n<p>Tali pratiche presentano anagrafiche dei soggetti, siano esse persone fisiche o giuridiche, consultabili dunque in qualsiasi momento e da qualsiasi luogo. Un avvocato pu\u00f2 dunque utilizzare Kleos per <strong>gestire al meglio il proprio lavoro anche quando si \u00e8 fuori sede<\/strong>, organizzando scadenze, appuntamenti e attivit\u00e0 con un tocco della mano ed in maniera molto intuitiva e rapida.<\/p>\n<p>Kleos consente al tempo stesso la <strong>creazione di fatture<\/strong>, rende possibile l&#8217;accesso a tutti i tuoi dati e tutte le informazioni ovunque tu ti trovi e qualsiasi tipo di dispositivo tu abbia in mano. Il costo di abbonamento a Kleos \u00e8 <strong>fisso e invariabile nel tempo<\/strong>, ed include anche assistenza e manutenzione cos\u00ec che tu non debba curarti di nessuna problematica al riguardo, e avere tutta la libert\u00e0 di concentrarti esclusivamente sul tuo lavoro e sui tuoi clienti.<\/p>\n<p>\u00c8 possibile reperire tutte le informazioni in merito sul sito <a href=\"https:\/\/marcodimizio.com\/\">marcodimizio.com<\/a> ed individuare anche i differenti piani di Kleos a disposizione, ciascuno dei quali \u00e8 in grado di soddisfare esigenze di utilizzo differenti. Sul sito \u00e8 possibile inoltre scaricare il manuale d\u2019uso del software, cos\u00ec da poterne esplorare gi\u00e0 le funzionalit\u00e0 e particolarit\u00e0 che lo rendono cos\u00ec utile, oppure visionare dei video che ne mostrano il funzionamento. \u00c8 disponibile infine una <strong>prova gratuita di 30 giorni<\/strong> del software.<\/p>\n","protected":false},"excerpt":{"rendered":"<p>Kleos \u00e8 il primo software gestionale per studio legale sviluppato in Italia. \u00c8 uno strumento pensato e realizzato da avvocati per avvocati, in grado di gestire le pratiche e le attivit\u00e0 quotidiane di lavoro in maniera efficiente ovunque tu ti trovi, da qualsiasi dispositivo mobile tu preferisca come ad esempio smartphone o tablet, ma non [&hellip;]<\/p>\n","protected":false},"author":107,"featured_media":0,"comment_status":"open","ping_status":"open","sticky":false,"template":"","format":"standard","meta":{"footnotes":""},"categories":[10],"tags":[],"class_list":["post-49952","post","type-post","status-publish","format-standard","hentry","category-informatica"],"_links":{"self":[{"href":"https:\/\/www.area-press.eu\/comunicatistampa\/wp-json\/wp\/v2\/posts\/49952","targetHints":{"allow":["GET"]}}],"collection":[{"href":"https:\/\/www.area-press.eu\/comunicatistampa\/wp-json\/wp\/v2\/posts"}],"about":[{"href":"https:\/\/www.area-press.eu\/comunicatistampa\/wp-json\/wp\/v2\/types\/post"}],"author":[{"embeddable":true,"href":"https:\/\/www.area-press.eu\/comunicatistampa\/wp-json\/wp\/v2\/users\/107"}],"replies":[{"embeddable":true,"href":"https:\/\/www.area-press.eu\/comunicatistampa\/wp-json\/wp\/v2\/comments?post=49952"}],"version-history":[{"count":1,"href":"https:\/\/www.area-press.eu\/comunicatistampa\/wp-json\/wp\/v2\/posts\/49952\/revisions"}],"predecessor-version":[{"id":49953,"href":"https:\/\/www.area-press.eu\/comunicatistampa\/wp-json\/wp\/v2\/posts\/49952\/revisions\/49953"}],"wp:attachment":[{"href":"https:\/\/www.area-press.eu\/comunicatistampa\/wp-json\/wp\/v2\/media?parent=49952"}],"wp:term":[{"taxonomy":"category","embeddable":true,"href":"https:\/\/www.area-press.eu\/comunicatistampa\/wp-json\/wp\/v2\/categories?post=49952"},{"taxonomy":"post_tag","embeddable":true,"href":"https:\/\/www.area-press.eu\/comunicatistampa\/wp-json\/wp\/v2\/tags?post=49952"}],"curies":[{"name":"wp","href":"https:\/\/api.w.org\/{rel}","templated":true}]}}